{"id":1566,"date":"2023-03-01T18:27:19","date_gmt":"2023-03-01T23:27:19","guid":{"rendered":"https:\/\/ambbogota.esteri.it\/news\/dall_ambasciata\/2023\/03\/visita-a-bogota-del-dott-donato-2\/"},"modified":"2023-03-01T18:27:19","modified_gmt":"2023-03-01T23:27:19","slug":"visita-a-bogota-del-dott-donato-2","status":"publish","type":"post","link":"https:\/\/ambbogota.esteri.it\/es\/news\/dall_ambasciata\/2023\/03\/visita-a-bogota-del-dott-donato-2\/","title":{"rendered":"VISITA A BOGOT\u00c1 DEL DR. DONATO DI SANTO, EMBAJADOR ESPECIAL DEL COMIT\u00c9 PROMOTOR DE LA CANDIDATURA DE ROMA A LA EXPO 2030"},"content":{"rendered":"<p style=\"text-align: justify;\">El 27 y 28 de febrero estuvo en Bogot\u00e1 el Dr. Donato Di Santo, Embajador Especial para Am\u00e9rica Latina del Comit\u00e9 promotor de la candidatura de Roma a la EXPO 2030.<\/p>\n<p style=\"text-align: justify;\">El Dr. Di Santo se reuni\u00f3 con importantes interlocutores de Gobierno y locales para presentar los contenidos de la candidatura de la ciudad de Roma y mostrar las posibles a\u00e9reas de colaboraci\u00f3n con Colombia.<\/p>\n<p style=\"text-align: justify;\">Durante su misi\u00f3n el Dr. Di Santo se reuni\u00f3 con la Vice Ministra de Asuntos Exteriores para Asuntos Multilaterales, Laura Gil, el Vice Ministro de Comercio Exterior, Luis Felipe Quintero, la Directora de Relaciones Internacionales de la Alcald\u00eda de Bogot\u00e1, Luz Amparo Medina, y el Consejero Presidencial para asuntos econ\u00f3micos, Cesar Ferrari. Realiz\u00f3 tambi\u00e9n una presentaci\u00f3n de la candidatura a la Junta Directiva de la C\u00e1mara de Comercio Italiana para Colombia y a otros importantes representantes de la comunidad econ\u00f3mica y acad\u00e9mica.<\/p>\n","protected":false},"excerpt":{"rendered":"El 27 y 28 de febrero estuvo en Bogot\u00e1 el Dr. Donato Di Santo, Embajador Especial para Am\u00e9rica Latina del Comit\u00e9 promotor de la candidatura de Roma a la EXPO 2030. El Dr. Di Santo se reuni\u00f3 con importantes interlocutores de Gobierno y locales para presentar los contenidos de la candidatura de la ciudad de [&hellip;]","protected":false},"author":1,"featured_media":0,"comment_status":"","ping_status":"","sticky":false,"template":"","format":"standard","meta":{"footnotes":""},"tags":[],"class_list":["post-1566","post","type-post","status-publish","format-standard","hentry"],"_links":{"self":[{"href":"https:\/\/ambbogota.esteri.it\/es\/wp-json\/wp\/v2\/posts\/1566","targetHints":{"allow":["GET"]}}],"collection":[{"href":"https:\/\/ambbogota.esteri.it\/es\/wp-json\/wp\/v2\/posts"}],"about":[{"href":"https:\/\/ambbogota.esteri.it\/es\/wp-json\/wp\/v2\/types\/post"}],"author":[{"embeddable":true,"href":"https:\/\/ambbogota.esteri.it\/es\/wp-json\/wp\/v2\/users\/1"}],"replies":[{"embeddable":true,"href":"https:\/\/ambbogota.esteri.it\/es\/wp-json\/wp\/v2\/comments?post=1566"}],"version-history":[{"count":0,"href":"https:\/\/ambbogota.esteri.it\/es\/wp-json\/wp\/v2\/posts\/1566\/revisions"}],"wp:attachment":[{"href":"https:\/\/ambbogota.esteri.it\/es\/wp-json\/wp\/v2\/media?parent=1566"}],"wp:term":[{"taxonomy":"post_tag","embeddable":true,"href":"https:\/\/ambbogota.esteri.it\/es\/wp-json\/wp\/v2\/tags?post=1566"}],"curies":[{"name":"wp","href":"https:\/\/api.w.org\/{rel}","templated":true}]}}