{"id":1603,"date":"2022-11-24T17:53:56","date_gmt":"2022-11-24T22:53:56","guid":{"rendered":"https:\/\/ambbogota.esteri.it\/news\/dall_ambasciata\/2022\/11\/conferenza-presso-la-sede-di-enel-2\/"},"modified":"2022-11-24T17:53:56","modified_gmt":"2022-11-24T22:53:56","slug":"conferenza-presso-la-sede-di-enel-2","status":"publish","type":"post","link":"https:\/\/ambbogota.esteri.it\/es\/news\/dall_ambasciata\/2022\/11\/conferenza-presso-la-sede-di-enel-2\/","title":{"rendered":"CONFERENCIA, EN LA SEDE DE ENEL COLOMBIA, SOBRE EL VIAJE DE SIMON BOLIVAR A ITALIA EN 1805"},"content":{"rendered":"<p style=\"text-align: justify;\">El Instituto Italiano de Cultura de Bogot\u00e1, en colaboraci\u00f3n con la empresa italiana ENEL, el pasado martes 22 de noviembre organiz\u00f3 una interesante conferencia curada por el Dr. Nelson Osorio sobre el viaje de Sim\u00f3n Bol\u00edvar a Italia en el a\u00f1o 1805.<\/p>\n<p style=\"text-align: justify;\">La estancia, aunque breve, en nuestro Pa\u00eds ha marcado de manera indeleble el camino de la vida del Libertador.<\/p>\n<p style=\"text-align: justify;\">En el marco de la conferencia, el Embajador Amaduzzi promovi\u00f3 la candidatura de Roma para hospedar la Expo 2030, ciudad donde se qued\u00f3 Bol\u00edvar y teatro del famoso juramento del Monte Sacro.<\/p>\n","protected":false},"excerpt":{"rendered":"El Instituto Italiano de Cultura de Bogot\u00e1, en colaboraci\u00f3n con la empresa italiana ENEL, el pasado martes 22 de noviembre organiz\u00f3 una interesante conferencia curada por el Dr. Nelson Osorio sobre el viaje de Sim\u00f3n Bol\u00edvar a Italia en el a\u00f1o 1805. La estancia, aunque breve, en nuestro Pa\u00eds ha marcado de manera indeleble el [&hellip;]","protected":false},"author":1,"featured_media":0,"comment_status":"","ping_status":"","sticky":false,"template":"","format":"standard","meta":{"footnotes":""},"tags":[],"class_list":["post-1603","post","type-post","status-publish","format-standard","hentry"],"_links":{"self":[{"href":"https:\/\/ambbogota.esteri.it\/es\/wp-json\/wp\/v2\/posts\/1603","targetHints":{"allow":["GET"]}}],"collection":[{"href":"https:\/\/ambbogota.esteri.it\/es\/wp-json\/wp\/v2\/posts"}],"about":[{"href":"https:\/\/ambbogota.esteri.it\/es\/wp-json\/wp\/v2\/types\/post"}],"author":[{"embeddable":true,"href":"https:\/\/ambbogota.esteri.it\/es\/wp-json\/wp\/v2\/users\/1"}],"replies":[{"embeddable":true,"href":"https:\/\/ambbogota.esteri.it\/es\/wp-json\/wp\/v2\/comments?post=1603"}],"version-history":[{"count":0,"href":"https:\/\/ambbogota.esteri.it\/es\/wp-json\/wp\/v2\/posts\/1603\/revisions"}],"wp:attachment":[{"href":"https:\/\/ambbogota.esteri.it\/es\/wp-json\/wp\/v2\/media?parent=1603"}],"wp:term":[{"taxonomy":"post_tag","embeddable":true,"href":"https:\/\/ambbogota.esteri.it\/es\/wp-json\/wp\/v2\/tags?post=1603"}],"curies":[{"name":"wp","href":"https:\/\/api.w.org\/{rel}","templated":true}]}}