{"id":1628,"date":"2022-09-22T17:18:38","date_gmt":"2022-09-22T22:18:38","guid":{"rendered":"https:\/\/ambbogota.esteri.it\/news\/dall_ambasciata\/2022\/09\/proroga-candidature-prima-edizione-2\/"},"modified":"2022-09-22T17:18:38","modified_gmt":"2022-09-22T22:18:38","slug":"proroga-candidature-prima-edizione-2","status":"publish","type":"post","link":"https:\/\/ambbogota.esteri.it\/es\/news\/dall_ambasciata\/2022\/09\/proroga-candidature-prima-edizione-2\/","title":{"rendered":"PRORROGA CANDIDATURAS &#8211; PRIMERA EDICI\u00d3N DEL PREMIO \u201cSCIENCE, SHE SAYS!\u00bb, DEDICADO A J\u00d3VENES CIENT\u00cdFICAS EXTRANJERAS"},"content":{"rendered":"<p style=\"text-align: justify;\">El Ministerio de Asuntos Exteriores y de Cooperaci\u00f3n Internacional de Italia ha creado el premio \u00ab\u00a1Science, She Says!\u201d para otorgar un reconocimiento a una joven cient\u00edfica extranjera que haya contribuido notablemente al avance de la cooperaci\u00f3n cient\u00edfica bilateral con Italia, a trav\u00e9s de sus investigaciones en una de las siguientes regiones: \u00c1frica y Oriente Medio, Asia y el Pac\u00edfico, Europa, Am\u00e9rica Central, del Sur y el Caribe, Am\u00e9rica del Norte. Se seleccionar\u00e1 una candidata por cada una de las cinco regiones, siendo el factor determinante el lugar de trabajo durante al menos los \u00faltimos 4 a\u00f1os. Se reciben las candidaturas hasta el 30 de octubre de 2022, h. 12:00 pm local.<\/p>\n<p>Convocatoria en ingl\u00e9s y espa\u00f1ol <span style=\"text-decoration: underline;\"><strong><a href=\"https:\/\/iicbogota.esteri.it\/iic_bogota\/es\/opportunita\/borse_di_studio\/borsa-di-studio-invest-your-talent.html\">aqu\u00ed<\/a><\/strong><\/span><\/p>\n","protected":false},"excerpt":{"rendered":"El Ministerio de Asuntos Exteriores y de Cooperaci\u00f3n Internacional de Italia ha creado el premio \u00ab\u00a1Science, She Says!\u201d para otorgar un reconocimiento a una joven cient\u00edfica extranjera que haya contribuido notablemente al avance de la cooperaci\u00f3n cient\u00edfica bilateral con Italia, a trav\u00e9s de sus investigaciones en una de las siguientes regiones: \u00c1frica y Oriente Medio, [&hellip;]","protected":false},"author":1,"featured_media":0,"comment_status":"","ping_status":"","sticky":false,"template":"","format":"standard","meta":{"footnotes":""},"tags":[],"class_list":["post-1628","post","type-post","status-publish","format-standard","hentry"],"_links":{"self":[{"href":"https:\/\/ambbogota.esteri.it\/es\/wp-json\/wp\/v2\/posts\/1628","targetHints":{"allow":["GET"]}}],"collection":[{"href":"https:\/\/ambbogota.esteri.it\/es\/wp-json\/wp\/v2\/posts"}],"about":[{"href":"https:\/\/ambbogota.esteri.it\/es\/wp-json\/wp\/v2\/types\/post"}],"author":[{"embeddable":true,"href":"https:\/\/ambbogota.esteri.it\/es\/wp-json\/wp\/v2\/users\/1"}],"replies":[{"embeddable":true,"href":"https:\/\/ambbogota.esteri.it\/es\/wp-json\/wp\/v2\/comments?post=1628"}],"version-history":[{"count":0,"href":"https:\/\/ambbogota.esteri.it\/es\/wp-json\/wp\/v2\/posts\/1628\/revisions"}],"wp:attachment":[{"href":"https:\/\/ambbogota.esteri.it\/es\/wp-json\/wp\/v2\/media?parent=1628"}],"wp:term":[{"taxonomy":"post_tag","embeddable":true,"href":"https:\/\/ambbogota.esteri.it\/es\/wp-json\/wp\/v2\/tags?post=1628"}],"curies":[{"name":"wp","href":"https:\/\/api.w.org\/{rel}","templated":true}]}}