{"id":1881,"date":"2021-03-04T20:45:28","date_gmt":"2021-03-05T01:45:28","guid":{"rendered":"https:\/\/ambbogota.esteri.it\/news\/dall_ambasciata\/2021\/03\/invest-your-talent-in-italy-apertura-2\/"},"modified":"2021-03-04T20:45:28","modified_gmt":"2021-03-05T01:45:28","slug":"invest-your-talent-in-italy-apertura-2","status":"publish","type":"post","link":"https:\/\/ambbogota.esteri.it\/es\/news\/dall_ambasciata\/2021\/03\/invest-your-talent-in-italy-apertura-2\/","title":{"rendered":"\u00abINVEST YOUR TALENT IN ITALY\u00bb: APERTURA NUEVA CONVOCATORIA DE LA SEXTA EDICI\u00d3N DEL PROGRAMA (A.A. 2021\/2022)"},"content":{"rendered":"<p>El Ministerio de Relaciones Exteriores y Cooperaci\u00f3n Internacional ha abierto una convocatoria para la asignaci\u00f3n de las becas \u00abInvest Your Talent in Italy\u00bb (IYT) del A\u00f1o Acad\u00e9mico 2021\/22. Como en la ediciones anteriores, las candidaturas deber\u00e1n ser enviadas por parte de los estudiantes por v\u00eda telem\u00e1tica, entrando a la platforma: <a href=\"https:\/\/investyourtalentapplication.esteri.it\/sitoinvestyourtalentapplication\/progetto.asp\">https:\/\/investyourtalentapplication.esteri.it\/sitoinvestyourtalentapplication\/progetto.asp<\/a>.<\/p>\n<p>Fecha l\u00edmite 26 de marzo de 2021.<\/p>\n","protected":false},"excerpt":{"rendered":"El Ministerio de Relaciones Exteriores y Cooperaci\u00f3n Internacional ha abierto una convocatoria para la asignaci\u00f3n de las becas \u00abInvest Your Talent in Italy\u00bb (IYT) del A\u00f1o Acad\u00e9mico 2021\/22. Como en la ediciones anteriores, las candidaturas deber\u00e1n ser enviadas por parte de los estudiantes por v\u00eda telem\u00e1tica, entrando a la platforma: https:\/\/investyourtalentapplication.esteri.it\/sitoinvestyourtalentapplication\/progetto.asp. Fecha l\u00edmite 26 de [&hellip;]","protected":false},"author":1,"featured_media":0,"comment_status":"","ping_status":"","sticky":false,"template":"","format":"standard","meta":{"footnotes":""},"tags":[],"class_list":["post-1881","post","type-post","status-publish","format-standard","hentry"],"_links":{"self":[{"href":"https:\/\/ambbogota.esteri.it\/es\/wp-json\/wp\/v2\/posts\/1881","targetHints":{"allow":["GET"]}}],"collection":[{"href":"https:\/\/ambbogota.esteri.it\/es\/wp-json\/wp\/v2\/posts"}],"about":[{"href":"https:\/\/ambbogota.esteri.it\/es\/wp-json\/wp\/v2\/types\/post"}],"author":[{"embeddable":true,"href":"https:\/\/ambbogota.esteri.it\/es\/wp-json\/wp\/v2\/users\/1"}],"replies":[{"embeddable":true,"href":"https:\/\/ambbogota.esteri.it\/es\/wp-json\/wp\/v2\/comments?post=1881"}],"version-history":[{"count":0,"href":"https:\/\/ambbogota.esteri.it\/es\/wp-json\/wp\/v2\/posts\/1881\/revisions"}],"wp:attachment":[{"href":"https:\/\/ambbogota.esteri.it\/es\/wp-json\/wp\/v2\/media?parent=1881"}],"wp:term":[{"taxonomy":"post_tag","embeddable":true,"href":"https:\/\/ambbogota.esteri.it\/es\/wp-json\/wp\/v2\/tags?post=1881"}],"curies":[{"name":"wp","href":"https:\/\/api.w.org\/{rel}","templated":true}]}}