{"id":1884,"date":"2021-02-24T19:06:28","date_gmt":"2021-02-25T00:06:28","guid":{"rendered":"https:\/\/ambbogota.esteri.it\/news\/dall_ambasciata\/2021\/02\/evento-fao-governance-e-pace-contributi-2\/"},"modified":"2021-02-24T19:06:28","modified_gmt":"2021-02-25T00:06:28","slug":"evento-fao-governance-e-pace-contributi-2","status":"publish","type":"post","link":"https:\/\/ambbogota.esteri.it\/es\/news\/dall_ambasciata\/2021\/02\/evento-fao-governance-e-pace-contributi-2\/","title":{"rendered":"EVENTO FAO \u00abGOBERNANZA Y PAZ. APORTES PARA LA IMPLEMENTACION DEL ACUERDO DE PAZ\u00bb"},"content":{"rendered":"<p style=\"text-align: justify;\">La Cooperaci\u00f3n Italiana est\u00e1 comprometida con el\u00a0acuerdo de paz\u00a0colombiano y promueve el evento \u00abGobernanza y Paz. Aportes para la implementaci\u00f3n del Acuerdo de Paz\u00bb organizado por la FAO con la presencia del Embajador de Italia en Colombia, Gherardo Amaduzzi. Ser\u00e1 un espacio de dialogo y reflexi\u00f3n sobre varios temas relacionados con la tenencia de la tierra en el pa\u00eds.<\/p>\n<p style=\"text-align: justify;\">El evento se llever\u00e1 a cabo el d\u00eda jueves 25 de febrero de 2021 a las 8am de Colombia.<\/p>\n<p style=\"text-align: justify;\">Es posible inscribirse al siguiente enlace: <a href=\"https:\/\/docs.google.com\/forms\/d\/e\/1FAIpQLSdUw1cg_zLGK2oYyskYCRPtnDhJQ1HxbBkkKjPk5xNFC4bNpg\/viewform\">https:\/\/docs.google.com\/forms\/d\/e\/1FAIpQLSdUw1cg_zLGK2oYyskYCRPtnDhJQ1HxbBkkKjPk5xNFC4bNpg\/viewform<\/a>.<\/p>\n<p style=\"text-align: justify;\">Para mayores detalles: <a href=\"http:\/\/www.fao.org\/colombia\/noticias\/detail-events\/es\/c\/1376185\/\">http:\/\/www.fao.org\/colombia\/noticias\/detail-events\/es\/c\/1376185\/<\/a> <\/p>\n","protected":false},"excerpt":{"rendered":"La Cooperaci\u00f3n Italiana est\u00e1 comprometida con el\u00a0acuerdo de paz\u00a0colombiano y promueve el evento \u00abGobernanza y Paz. Aportes para la implementaci\u00f3n del Acuerdo de Paz\u00bb organizado por la FAO con la presencia del Embajador de Italia en Colombia, Gherardo Amaduzzi. Ser\u00e1 un espacio de dialogo y reflexi\u00f3n sobre varios temas relacionados con la tenencia de la [&hellip;]","protected":false},"author":1,"featured_media":0,"comment_status":"","ping_status":"","sticky":false,"template":"","format":"standard","meta":{"footnotes":""},"tags":[],"class_list":["post-1884","post","type-post","status-publish","format-standard","hentry"],"_links":{"self":[{"href":"https:\/\/ambbogota.esteri.it\/es\/wp-json\/wp\/v2\/posts\/1884","targetHints":{"allow":["GET"]}}],"collection":[{"href":"https:\/\/ambbogota.esteri.it\/es\/wp-json\/wp\/v2\/posts"}],"about":[{"href":"https:\/\/ambbogota.esteri.it\/es\/wp-json\/wp\/v2\/types\/post"}],"author":[{"embeddable":true,"href":"https:\/\/ambbogota.esteri.it\/es\/wp-json\/wp\/v2\/users\/1"}],"replies":[{"embeddable":true,"href":"https:\/\/ambbogota.esteri.it\/es\/wp-json\/wp\/v2\/comments?post=1884"}],"version-history":[{"count":0,"href":"https:\/\/ambbogota.esteri.it\/es\/wp-json\/wp\/v2\/posts\/1884\/revisions"}],"wp:attachment":[{"href":"https:\/\/ambbogota.esteri.it\/es\/wp-json\/wp\/v2\/media?parent=1884"}],"wp:term":[{"taxonomy":"post_tag","embeddable":true,"href":"https:\/\/ambbogota.esteri.it\/es\/wp-json\/wp\/v2\/tags?post=1884"}],"curies":[{"name":"wp","href":"https:\/\/api.w.org\/{rel}","templated":true}]}}