{"id":1961,"date":"2020-08-14T21:35:38","date_gmt":"2020-08-15T02:35:38","guid":{"rendered":"https:\/\/ambbogota.esteri.it\/news\/dall_ambasciata\/2020\/08\/vivereall-italiana-sul-palcoscenico-2\/"},"modified":"2020-08-14T21:35:38","modified_gmt":"2020-08-15T02:35:38","slug":"vivereall-italiana-sul-palcoscenico-2","status":"publish","type":"post","link":"https:\/\/ambbogota.esteri.it\/es\/news\/dall_ambasciata\/2020\/08\/vivereall-italiana-sul-palcoscenico-2\/","title":{"rendered":"vivirALAitaliana en la tarima y en la musica"},"content":{"rendered":"<p>El Ministerio italiano de Relaciones Exteriores y Cooperaci\u00f3n Internacional promueve y difunde el arte del espect\u00e1culo en vivo y la m\u00fasica italiana en el mundo: a tal fin, se abre una convocatoria para seleccionar proyectos in\u00e9ditos de m\u00fasica classica\/contemporanea y jazz y de espect\u00e1culo en vivo de teatro, danza y circo.<\/p>\n<p>La convocatoria est\u00e1 abierta a grupos musicales, ensemble y orquestas de nueva formaci\u00f3n o ya existentes y profesionales del espect\u00e1culo en vivo, que presenten proyectos inspirados a la gran tradici\u00f3n musical italiana o que sepan proponer composiciones originales e in\u00e9ditas de alta calidad y de perfil internacional.<\/p>\n<p>La fecha final para presentar la solicitud es el 6 de septiembre de 2020. Toda la informaci\u00f3n en <a href=\"https:\/\/www.esteri.it\/mae\/it\/servizi\/italiani\/artisti-imprese-culturali-creative\" target=\"_blank\" rel=\"noopener\">https:\/\/www.esteri.it\/mae\/it\/servizi\/italiani\/artisti-imprese-culturali-creative<\/a>.<\/p>\n","protected":false},"excerpt":{"rendered":"El Ministerio italiano de Relaciones Exteriores y Cooperaci\u00f3n Internacional promueve y difunde el arte del espect\u00e1culo en vivo y la m\u00fasica italiana en el mundo: a tal fin, se abre una convocatoria para seleccionar proyectos in\u00e9ditos de m\u00fasica classica\/contemporanea y jazz y de espect\u00e1culo en vivo de teatro, danza y circo. La convocatoria est\u00e1 abierta [&hellip;]","protected":false},"author":1,"featured_media":0,"comment_status":"","ping_status":"","sticky":false,"template":"","format":"standard","meta":{"footnotes":""},"tags":[],"class_list":["post-1961","post","type-post","status-publish","format-standard","hentry"],"_links":{"self":[{"href":"https:\/\/ambbogota.esteri.it\/es\/wp-json\/wp\/v2\/posts\/1961","targetHints":{"allow":["GET"]}}],"collection":[{"href":"https:\/\/ambbogota.esteri.it\/es\/wp-json\/wp\/v2\/posts"}],"about":[{"href":"https:\/\/ambbogota.esteri.it\/es\/wp-json\/wp\/v2\/types\/post"}],"author":[{"embeddable":true,"href":"https:\/\/ambbogota.esteri.it\/es\/wp-json\/wp\/v2\/users\/1"}],"replies":[{"embeddable":true,"href":"https:\/\/ambbogota.esteri.it\/es\/wp-json\/wp\/v2\/comments?post=1961"}],"version-history":[{"count":0,"href":"https:\/\/ambbogota.esteri.it\/es\/wp-json\/wp\/v2\/posts\/1961\/revisions"}],"wp:attachment":[{"href":"https:\/\/ambbogota.esteri.it\/es\/wp-json\/wp\/v2\/media?parent=1961"}],"wp:term":[{"taxonomy":"post_tag","embeddable":true,"href":"https:\/\/ambbogota.esteri.it\/es\/wp-json\/wp\/v2\/tags?post=1961"}],"curies":[{"name":"wp","href":"https:\/\/api.w.org\/{rel}","templated":true}]}}