{"id":1963,"date":"2020-08-13T00:33:01","date_gmt":"2020-08-13T05:33:01","guid":{"rendered":"https:\/\/ambbogota.esteri.it\/news\/dall_ambasciata\/2020\/08\/emergenza-covid-19-importantissimo-2\/"},"modified":"2020-08-13T00:33:01","modified_gmt":"2020-08-13T05:33:01","slug":"emergenza-covid-19-importantissimo-2","status":"publish","type":"post","link":"https:\/\/ambbogota.esteri.it\/es\/news\/dall_ambasciata\/2020\/08\/emergenza-covid-19-importantissimo-2\/","title":{"rendered":"EMERGENCIA COVID-19 &#8211; IMPORTANTISIMO &#8211; NUEVAS RESTRICCIONES PARA EL INGRESO A ITALIA DESDE COLOMBIA."},"content":{"rendered":"<p style=\"text-align: justify;\"><strong><span style=\"text-decoration: underline;\">A ra\u00edz de la orden del Ministerio de Salud italiano del 12 de agosto de 2020, se dispuso una prohibici\u00f3n de entrada a Italia a partir del 13 de agosto a quienes se hayan quedado o hayan transitado por Colombia en los \u00faltimos 14 d\u00edas. La medida es vigente, almenos, hasta el pr\u00f3ximo 7 de septiembre.<\/span><\/strong><\/p>\n<p style=\"text-align: justify;\">Las \u00fanicas excepciones a esta prohibici\u00f3n son:<\/p>\n<p style=\"text-align: justify;\">&#8211; <strong>ciudadanos italianos, de un Estado de la UE, de un pa\u00eds parte del Acuerdo de Schengen, del Reino Unido, de Andorra, del Principado de M\u00f3naco, de la Rep\u00fablica de San Marino o del Estado de la Ciudad del Vaticano y sus familiares cercanos (cohabitantes descendientes y ascendientes, c\u00f3nyuge, parte de una uni\u00f3n civil, pareja estable), <span style=\"text-decoration: underline;\">A PACTO QUE SEAN RESIDENTES ANAGRAFICAMENTE EN ITALIA DESDE UNA FECHA ANTERIOR AL 9 DE JULIO DE 2020.<\/span><\/strong><\/p>\n<p style=\"text-align: justify;\">&#8211; Funcionarios y agentes de la Union Europea, de organizaciones internacionales, personal de las misiones diplomaticas y de los consulados, personal militar que ejercen sus funciones.<\/p>\n<p style=\"text-align: justify;\"><span style=\"text-decoration: underline;\"><strong>LA OBLIGACI\u00d3N DE AISLAMIENTO PREVENTIVO DE 14 D\u00cdAS ES VALIDA TAMBI\u00c9N PARA TALES EXCEPCIONES.<\/strong><\/span><\/p>\n<p style=\"text-align: justify;\"><strong>SE INVITA A CONSULTAR CON ATENCI\u00d3N<\/strong> el siguiente enlace sobre las preguntas frecuentes para el regreso a Italia y la entrada de ciudadanos italianos y extranjeros:\u00a0<a href=\"https:\/\/www.esteri.it\/mae\/it\/ministero\/normativaonline\/decreto-iorestoacasa-domande-frequenti\/focus-cittadini-italiani-in-rientro-dall-estero-e-cittadini-stranieri-in-italia.html\">https:\/\/www.esteri.it\/mae\/it\/ministero\/normativaonline\/decreto-iorestoacasa-domande-frequenti\/focus-cittadini-italiani-in-rientro-dall-estero-e-cittadini-stranieri-in-italia.html<\/a>.\u00a0<\/p>\n","protected":false},"excerpt":{"rendered":"A ra\u00edz de la orden del Ministerio de Salud italiano del 12 de agosto de 2020, se dispuso una prohibici\u00f3n de entrada a Italia a partir del 13 de agosto a quienes se hayan quedado o hayan transitado por Colombia en los \u00faltimos 14 d\u00edas. La medida es vigente, almenos, hasta el pr\u00f3ximo 7 de [&hellip;]","protected":false},"author":1,"featured_media":0,"comment_status":"","ping_status":"","sticky":false,"template":"","format":"standard","meta":{"footnotes":""},"tags":[],"class_list":["post-1963","post","type-post","status-publish","format-standard","hentry"],"_links":{"self":[{"href":"https:\/\/ambbogota.esteri.it\/es\/wp-json\/wp\/v2\/posts\/1963","targetHints":{"allow":["GET"]}}],"collection":[{"href":"https:\/\/ambbogota.esteri.it\/es\/wp-json\/wp\/v2\/posts"}],"about":[{"href":"https:\/\/ambbogota.esteri.it\/es\/wp-json\/wp\/v2\/types\/post"}],"author":[{"embeddable":true,"href":"https:\/\/ambbogota.esteri.it\/es\/wp-json\/wp\/v2\/users\/1"}],"replies":[{"embeddable":true,"href":"https:\/\/ambbogota.esteri.it\/es\/wp-json\/wp\/v2\/comments?post=1963"}],"version-history":[{"count":0,"href":"https:\/\/ambbogota.esteri.it\/es\/wp-json\/wp\/v2\/posts\/1963\/revisions"}],"wp:attachment":[{"href":"https:\/\/ambbogota.esteri.it\/es\/wp-json\/wp\/v2\/media?parent=1963"}],"wp:term":[{"taxonomy":"post_tag","embeddable":true,"href":"https:\/\/ambbogota.esteri.it\/es\/wp-json\/wp\/v2\/tags?post=1963"}],"curies":[{"name":"wp","href":"https:\/\/api.w.org\/{rel}","templated":true}]}}