{"id":2022,"date":"2020-01-15T23:17:28","date_gmt":"2020-01-16T04:17:28","guid":{"rendered":"https:\/\/ambbogota.esteri.it\/news\/dall_ambasciata\/2020\/01\/xiv-festival-internazionale-di-2\/"},"modified":"2020-01-15T23:17:28","modified_gmt":"2020-01-16T04:17:28","slug":"xiv-festival-internazionale-di-2","status":"publish","type":"post","link":"https:\/\/ambbogota.esteri.it\/es\/news\/dall_ambasciata\/2020\/01\/xiv-festival-internazionale-di-2\/","title":{"rendered":"XIV Festival Internacional de Musica de Cartagena de Indias"},"content":{"rendered":"<p>Italia ha tenido una gran presencia en la \u00faltima edici\u00f3n del prestigioso Festival Internacional de M\u00fasica de Cartagena (<a href=\"https:\/\/www.cartagenamusicfestival.com\/\">https:\/\/www.cartagenamusicfestival.com\/<\/a>)\u00a0con conciertos muy apreciados del Maestro Andrea Lucchesini, el Tr\u00edo de Parma y las conferencias de Giovanni Bietti que siempre atraen a un gran audiencia. Tambi\u00e9n este a\u00f1o se realiz\u00f3 una exposici\u00f3n de instrumentos musicales, con talleres de liuteria, organizados por ITA-Agencia Bogot\u00e1, que trajo a 12 empresas del sector a Colombia.<br \/>El Embajador\u00a0Amaduzzi visit\u00f3 la exposici\u00f3n de instrumentos musicales italianos junto con la Ministra de Cultura Carmen V\u00e1squez, la fundadora del Festival Julia Salvi, el Director del Festival Antonio Miscen\u00e1 y el Director ITA-Agenzia de Bogot\u00e1 Riccardo Zucconi.<\/p>\n","protected":false},"excerpt":{"rendered":"Italia ha tenido una gran presencia en la \u00faltima edici\u00f3n del prestigioso Festival Internacional de M\u00fasica de Cartagena (https:\/\/www.cartagenamusicfestival.com\/)\u00a0con conciertos muy apreciados del Maestro Andrea Lucchesini, el Tr\u00edo de Parma y las conferencias de Giovanni Bietti que siempre atraen a un gran audiencia. Tambi\u00e9n este a\u00f1o se realiz\u00f3 una exposici\u00f3n de instrumentos musicales, con talleres [&hellip;]","protected":false},"author":1,"featured_media":0,"comment_status":"","ping_status":"","sticky":false,"template":"","format":"standard","meta":{"footnotes":""},"tags":[],"class_list":["post-2022","post","type-post","status-publish","format-standard","hentry"],"_links":{"self":[{"href":"https:\/\/ambbogota.esteri.it\/es\/wp-json\/wp\/v2\/posts\/2022","targetHints":{"allow":["GET"]}}],"collection":[{"href":"https:\/\/ambbogota.esteri.it\/es\/wp-json\/wp\/v2\/posts"}],"about":[{"href":"https:\/\/ambbogota.esteri.it\/es\/wp-json\/wp\/v2\/types\/post"}],"author":[{"embeddable":true,"href":"https:\/\/ambbogota.esteri.it\/es\/wp-json\/wp\/v2\/users\/1"}],"replies":[{"embeddable":true,"href":"https:\/\/ambbogota.esteri.it\/es\/wp-json\/wp\/v2\/comments?post=2022"}],"version-history":[{"count":0,"href":"https:\/\/ambbogota.esteri.it\/es\/wp-json\/wp\/v2\/posts\/2022\/revisions"}],"wp:attachment":[{"href":"https:\/\/ambbogota.esteri.it\/es\/wp-json\/wp\/v2\/media?parent=2022"}],"wp:term":[{"taxonomy":"post_tag","embeddable":true,"href":"https:\/\/ambbogota.esteri.it\/es\/wp-json\/wp\/v2\/tags?post=2022"}],"curies":[{"name":"wp","href":"https:\/\/api.w.org\/{rel}","templated":true}]}}