{"id":2026,"date":"2020-01-08T17:03:33","date_gmt":"2020-01-08T22:03:33","guid":{"rendered":"https:\/\/ambbogota.esteri.it\/news\/dall_ambasciata\/2020\/01\/rinvio-elezione-dei-comites-2\/"},"modified":"2020-01-08T17:03:33","modified_gmt":"2020-01-08T22:03:33","slug":"rinvio-elezione-dei-comites-2","status":"publish","type":"post","link":"https:\/\/ambbogota.esteri.it\/es\/news\/dall_ambasciata\/2020\/01\/rinvio-elezione-dei-comites-2\/","title":{"rendered":"APLAZAMIENTO ELECCI\u00d3N DE COMITES"},"content":{"rendered":"<p>Informamos a todos los ciudadanos italianos que, debido a la introducci\u00f3n de una reciente norma y contrariamente a lo previsto, las<br \/>elecciones para la renovaci\u00f3n de los Comitati degli Italiani all\u2019Estero (COMITES) y del Consiglio Generale degli Italiani all\u2019Estero (CGIE), no tendr\u00e1n lugar en el mes de abril del 2020, sino que se posponen al a\u00f1o 2021. Encontrar\u00e1n m\u00e1s informaci\u00f3n a trav\u00e9s de la p\u00e1gina web de la Embajada.<\/p>\n","protected":false},"excerpt":{"rendered":"Informamos a todos los ciudadanos italianos que, debido a la introducci\u00f3n de una reciente norma y contrariamente a lo previsto, laselecciones para la renovaci\u00f3n de los Comitati degli Italiani all\u2019Estero (COMITES) y del Consiglio Generale degli Italiani all\u2019Estero (CGIE), no tendr\u00e1n lugar en el mes de abril del 2020, sino que se posponen al a\u00f1o [&hellip;]","protected":false},"author":1,"featured_media":0,"comment_status":"","ping_status":"","sticky":false,"template":"","format":"standard","meta":{"footnotes":""},"tags":[],"class_list":["post-2026","post","type-post","status-publish","format-standard","hentry"],"_links":{"self":[{"href":"https:\/\/ambbogota.esteri.it\/es\/wp-json\/wp\/v2\/posts\/2026","targetHints":{"allow":["GET"]}}],"collection":[{"href":"https:\/\/ambbogota.esteri.it\/es\/wp-json\/wp\/v2\/posts"}],"about":[{"href":"https:\/\/ambbogota.esteri.it\/es\/wp-json\/wp\/v2\/types\/post"}],"author":[{"embeddable":true,"href":"https:\/\/ambbogota.esteri.it\/es\/wp-json\/wp\/v2\/users\/1"}],"replies":[{"embeddable":true,"href":"https:\/\/ambbogota.esteri.it\/es\/wp-json\/wp\/v2\/comments?post=2026"}],"version-history":[{"count":0,"href":"https:\/\/ambbogota.esteri.it\/es\/wp-json\/wp\/v2\/posts\/2026\/revisions"}],"wp:attachment":[{"href":"https:\/\/ambbogota.esteri.it\/es\/wp-json\/wp\/v2\/media?parent=2026"}],"wp:term":[{"taxonomy":"post_tag","embeddable":true,"href":"https:\/\/ambbogota.esteri.it\/es\/wp-json\/wp\/v2\/tags?post=2026"}],"curies":[{"name":"wp","href":"https:\/\/api.w.org\/{rel}","templated":true}]}}