{"id":2028,"date":"2020-01-07T21:47:27","date_gmt":"2020-01-08T02:47:27","guid":{"rendered":"https:\/\/ambbogota.esteri.it\/news\/dall_ambasciata\/2020\/01\/bando-invest-your-talent-in-italy_0-2\/"},"modified":"2020-01-07T21:47:27","modified_gmt":"2020-01-08T02:47:27","slug":"bando-invest-your-talent-in-italy_0-2","status":"publish","type":"post","link":"https:\/\/ambbogota.esteri.it\/es\/news\/dall_ambasciata\/2020\/01\/bando-invest-your-talent-in-italy_0-2\/","title":{"rendered":"Convocatoria \u00abInvest your talent in Italy \u2013 Quinta Edici\u00f3n, 2020\/2021\u00bb"},"content":{"rendered":"<p>Se abre la Convocatoria \u00abInvest your talent in Italy\u00bb (IYT) para el a\u00f1o acad\u00e9mico 2020\/2021, para realizar cursos de especializaci\u00f3n y m\u00e1ster en prestigiosas universidades italianas en los siguientes sectores: ingenier\u00eda\/alta tecnolog\u00eda, dise\u00f1o\/arquitectura, econom\u00eda\/gesti\u00f3n. Es necesario aplicar personalmente hasta el 27 febrero de 2020 en el siguiente enlace http:\/\/investyourtalentapplication.esteri.it\/SitoInvestYourTalentApplication\/progetto.asp<\/p>\n","protected":false},"excerpt":{"rendered":"Se abre la Convocatoria \u00abInvest your talent in Italy\u00bb (IYT) para el a\u00f1o acad\u00e9mico 2020\/2021, para realizar cursos de especializaci\u00f3n y m\u00e1ster en prestigiosas universidades italianas en los siguientes sectores: ingenier\u00eda\/alta tecnolog\u00eda, dise\u00f1o\/arquitectura, econom\u00eda\/gesti\u00f3n. Es necesario aplicar personalmente hasta el 27 febrero de 2020 en el siguiente enlace http:\/\/investyourtalentapplication.esteri.it\/SitoInvestYourTalentApplication\/progetto.asp","protected":false},"author":1,"featured_media":0,"comment_status":"","ping_status":"","sticky":false,"template":"","format":"standard","meta":{"footnotes":""},"tags":[],"class_list":["post-2028","post","type-post","status-publish","format-standard","hentry"],"_links":{"self":[{"href":"https:\/\/ambbogota.esteri.it\/es\/wp-json\/wp\/v2\/posts\/2028","targetHints":{"allow":["GET"]}}],"collection":[{"href":"https:\/\/ambbogota.esteri.it\/es\/wp-json\/wp\/v2\/posts"}],"about":[{"href":"https:\/\/ambbogota.esteri.it\/es\/wp-json\/wp\/v2\/types\/post"}],"author":[{"embeddable":true,"href":"https:\/\/ambbogota.esteri.it\/es\/wp-json\/wp\/v2\/users\/1"}],"replies":[{"embeddable":true,"href":"https:\/\/ambbogota.esteri.it\/es\/wp-json\/wp\/v2\/comments?post=2028"}],"version-history":[{"count":0,"href":"https:\/\/ambbogota.esteri.it\/es\/wp-json\/wp\/v2\/posts\/2028\/revisions"}],"wp:attachment":[{"href":"https:\/\/ambbogota.esteri.it\/es\/wp-json\/wp\/v2\/media?parent=2028"}],"wp:term":[{"taxonomy":"post_tag","embeddable":true,"href":"https:\/\/ambbogota.esteri.it\/es\/wp-json\/wp\/v2\/tags?post=2028"}],"curies":[{"name":"wp","href":"https:\/\/api.w.org\/{rel}","templated":true}]}}