{"id":2034,"date":"2019-12-11T18:13:44","date_gmt":"2019-12-11T23:13:44","guid":{"rendered":"https:\/\/ambbogota.esteri.it\/news\/dall_ambasciata\/2019\/12\/quarta-edizione-della-settimana-2\/"},"modified":"2019-12-11T18:13:44","modified_gmt":"2019-12-11T23:13:44","slug":"quarta-edizione-della-settimana-2","status":"publish","type":"post","link":"https:\/\/ambbogota.esteri.it\/es\/news\/dall_ambasciata\/2019\/12\/quarta-edizione-della-settimana-2\/","title":{"rendered":"Cuarta edicion de la Semana de la Cocina Italiana en el Mundo"},"content":{"rendered":"<p>Para celebrar la cuarta edici\u00f3n de la Semana de la Cocina Italiana en el Mundo, que se llev\u00f3 a cabo del 18 al 24 de noviembre pasados, la Embajada de Italia en Bogot\u00e1 ha organizado una serie de importantes eventos en colaboraci\u00f3n con ALMA, uno de los principales referentes internacionales en materia de formaci\u00f3n gastron\u00f3mica, representada para la ocasi\u00f3n por la Chef\u00a0Ambassador Marta Confente.<br \/>Las iniciativas,\u00a0en especifico\u00a0uno show cooking, una cena de gala,\u00a0unas masterclass\u00a0y un c\u00f3ctel para recrear la atm\u00f3sfera del aperitivo italiano, se centraron en la promoci\u00f3n de los productos enogastronomicos, y de la tradici\u00f3n, italianos, con un enfoque particular en la dieta mediterranea\u00a0y la cultura del gusto. Todos los eventos han recibido una apreciaci\u00f3n considerable, representando as\u00ed una\u00a0importante acci\u00f3n de valorizaci\u00f3n de la\u00a0excelencia gastron\u00f3mica italiana en Colombia.<\/p>\n","protected":false},"excerpt":{"rendered":"Para celebrar la cuarta edici\u00f3n de la Semana de la Cocina Italiana en el Mundo, que se llev\u00f3 a cabo del 18 al 24 de noviembre pasados, la Embajada de Italia en Bogot\u00e1 ha organizado una serie de importantes eventos en colaboraci\u00f3n con ALMA, uno de los principales referentes internacionales en materia de formaci\u00f3n gastron\u00f3mica, [&hellip;]","protected":false},"author":1,"featured_media":0,"comment_status":"","ping_status":"","sticky":false,"template":"","format":"standard","meta":{"footnotes":""},"tags":[],"class_list":["post-2034","post","type-post","status-publish","format-standard","hentry"],"_links":{"self":[{"href":"https:\/\/ambbogota.esteri.it\/es\/wp-json\/wp\/v2\/posts\/2034","targetHints":{"allow":["GET"]}}],"collection":[{"href":"https:\/\/ambbogota.esteri.it\/es\/wp-json\/wp\/v2\/posts"}],"about":[{"href":"https:\/\/ambbogota.esteri.it\/es\/wp-json\/wp\/v2\/types\/post"}],"author":[{"embeddable":true,"href":"https:\/\/ambbogota.esteri.it\/es\/wp-json\/wp\/v2\/users\/1"}],"replies":[{"embeddable":true,"href":"https:\/\/ambbogota.esteri.it\/es\/wp-json\/wp\/v2\/comments?post=2034"}],"version-history":[{"count":0,"href":"https:\/\/ambbogota.esteri.it\/es\/wp-json\/wp\/v2\/posts\/2034\/revisions"}],"wp:attachment":[{"href":"https:\/\/ambbogota.esteri.it\/es\/wp-json\/wp\/v2\/media?parent=2034"}],"wp:term":[{"taxonomy":"post_tag","embeddable":true,"href":"https:\/\/ambbogota.esteri.it\/es\/wp-json\/wp\/v2\/tags?post=2034"}],"curies":[{"name":"wp","href":"https:\/\/api.w.org\/{rel}","templated":true}]}}