{"id":2038,"date":"2019-12-09T21:53:17","date_gmt":"2019-12-10T02:53:17","guid":{"rendered":"https:\/\/ambbogota.esteri.it\/news\/dall_ambasciata\/2019\/12\/evento-camera-di-commercio-italiana-2\/"},"modified":"2019-12-09T21:53:17","modified_gmt":"2019-12-10T02:53:17","slug":"evento-camera-di-commercio-italiana-2","status":"publish","type":"post","link":"https:\/\/ambbogota.esteri.it\/es\/news\/dall_ambasciata\/2019\/12\/evento-camera-di-commercio-italiana-2\/","title":{"rendered":"EVENTO CAMARA DE COMERCIO ITALIANA PARA COLOMBIA EN BARRANQUILLA"},"content":{"rendered":"<p>El 5 de diciembre de 2019 se celebr\u00f3 un evento en Barranquilla para anunciar la pr\u00f3xima apertura de la nueva antena de la C\u00e1mara de Comercio Italiana para Colombia en la ciudad caribe\u00f1a, con el fin de fortalecer las relaciones econ\u00f3mico-comerciales entre Italia y la<br \/>costa caribe. Ante un gran n\u00famero de empresarios y representantes de la comunidad italiana, intervinieron el Embajador Amaduzzi, el Director de la Agencia ITA en Bogot\u00e1 Zucconi, el C\u00f3nsul Honorario en Barranquilla Ricciardiello, el Presidente de la C\u00e1mara de Comercio Italiana para Colombia Vargas Lleras y el Director Ejecutivo Gobbo.<\/p>\n","protected":false},"excerpt":{"rendered":"El 5 de diciembre de 2019 se celebr\u00f3 un evento en Barranquilla para anunciar la pr\u00f3xima apertura de la nueva antena de la C\u00e1mara de Comercio Italiana para Colombia en la ciudad caribe\u00f1a, con el fin de fortalecer las relaciones econ\u00f3mico-comerciales entre Italia y lacosta caribe. Ante un gran n\u00famero de empresarios y representantes de [&hellip;]","protected":false},"author":1,"featured_media":0,"comment_status":"","ping_status":"","sticky":false,"template":"","format":"standard","meta":{"footnotes":""},"tags":[],"class_list":["post-2038","post","type-post","status-publish","format-standard","hentry"],"_links":{"self":[{"href":"https:\/\/ambbogota.esteri.it\/es\/wp-json\/wp\/v2\/posts\/2038","targetHints":{"allow":["GET"]}}],"collection":[{"href":"https:\/\/ambbogota.esteri.it\/es\/wp-json\/wp\/v2\/posts"}],"about":[{"href":"https:\/\/ambbogota.esteri.it\/es\/wp-json\/wp\/v2\/types\/post"}],"author":[{"embeddable":true,"href":"https:\/\/ambbogota.esteri.it\/es\/wp-json\/wp\/v2\/users\/1"}],"replies":[{"embeddable":true,"href":"https:\/\/ambbogota.esteri.it\/es\/wp-json\/wp\/v2\/comments?post=2038"}],"version-history":[{"count":0,"href":"https:\/\/ambbogota.esteri.it\/es\/wp-json\/wp\/v2\/posts\/2038\/revisions"}],"wp:attachment":[{"href":"https:\/\/ambbogota.esteri.it\/es\/wp-json\/wp\/v2\/media?parent=2038"}],"wp:term":[{"taxonomy":"post_tag","embeddable":true,"href":"https:\/\/ambbogota.esteri.it\/es\/wp-json\/wp\/v2\/tags?post=2038"}],"curies":[{"name":"wp","href":"https:\/\/api.w.org\/{rel}","templated":true}]}}