{"id":2042,"date":"2019-12-04T22:33:34","date_gmt":"2019-12-05T03:33:34","guid":{"rendered":"https:\/\/ambbogota.esteri.it\/news\/dall_ambasciata\/2019\/12\/leonardo-s-p-a-firma-memorandum-2\/"},"modified":"2019-12-04T22:33:34","modified_gmt":"2019-12-05T03:33:34","slug":"leonardo-s-p-a-firma-memorandum-2","status":"publish","type":"post","link":"https:\/\/ambbogota.esteri.it\/es\/news\/dall_ambasciata\/2019\/12\/leonardo-s-p-a-firma-memorandum-2\/","title":{"rendered":"LEONARDO FIRMA MEMORANDO DE ENTIENDIMIENTO CON CODALTEC"},"content":{"rendered":"<p>En el marco de la edici\u00f3n 2019 de ExpoDefensa, que se desarroll\u00f3 en Bogot\u00e1 del 2 al 4 de diciembre, la empresa italiana Leonardo ha firmado un memorando de entendimiento con CODALTEC (Corporaci\u00f3n de alta tecnolog\u00eda para la defensa) para iniciar una colaboraci\u00f3n\u00a0finalizada a\u00a0identificar proyectos y oportunidades de negocios en Colombia. El acuerdo, que se centrar\u00e1 sobre todo en soluciones en el campo de los sistemas de defensa a\u00e9rea, soluciones C4I, seguridad informatica y sistemas de protecci\u00f3n de las infraestructuras nacionales, fue firmado por Marco Buratti, SVP Marketing Internacional de Leonardo, y Julio Alberto Gonz\u00e1lez Ruiz, Gerente General de CODALTEC. Al acta participaron tambien el Viceministro de Defensa Gonzalo Mu\u00f1oz Arboleda, el Subsecretario de Defensa Almirante Dario Giacomin y el Embajador de Italia en Colombia Gherardo Amaduzzi.<\/p>\n","protected":false},"excerpt":{"rendered":"En el marco de la edici\u00f3n 2019 de ExpoDefensa, que se desarroll\u00f3 en Bogot\u00e1 del 2 al 4 de diciembre, la empresa italiana Leonardo ha firmado un memorando de entendimiento con CODALTEC (Corporaci\u00f3n de alta tecnolog\u00eda para la defensa) para iniciar una colaboraci\u00f3n\u00a0finalizada a\u00a0identificar proyectos y oportunidades de negocios en Colombia. El acuerdo, que se [&hellip;]","protected":false},"author":1,"featured_media":0,"comment_status":"","ping_status":"","sticky":false,"template":"","format":"standard","meta":{"footnotes":""},"tags":[],"class_list":["post-2042","post","type-post","status-publish","format-standard","hentry"],"_links":{"self":[{"href":"https:\/\/ambbogota.esteri.it\/es\/wp-json\/wp\/v2\/posts\/2042","targetHints":{"allow":["GET"]}}],"collection":[{"href":"https:\/\/ambbogota.esteri.it\/es\/wp-json\/wp\/v2\/posts"}],"about":[{"href":"https:\/\/ambbogota.esteri.it\/es\/wp-json\/wp\/v2\/types\/post"}],"author":[{"embeddable":true,"href":"https:\/\/ambbogota.esteri.it\/es\/wp-json\/wp\/v2\/users\/1"}],"replies":[{"embeddable":true,"href":"https:\/\/ambbogota.esteri.it\/es\/wp-json\/wp\/v2\/comments?post=2042"}],"version-history":[{"count":0,"href":"https:\/\/ambbogota.esteri.it\/es\/wp-json\/wp\/v2\/posts\/2042\/revisions"}],"wp:attachment":[{"href":"https:\/\/ambbogota.esteri.it\/es\/wp-json\/wp\/v2\/media?parent=2042"}],"wp:term":[{"taxonomy":"post_tag","embeddable":true,"href":"https:\/\/ambbogota.esteri.it\/es\/wp-json\/wp\/v2\/tags?post=2042"}],"curies":[{"name":"wp","href":"https:\/\/api.w.org\/{rel}","templated":true}]}}