{"id":2073,"date":"2019-07-25T15:17:44","date_gmt":"2019-07-25T20:17:44","guid":{"rendered":"https:\/\/ambbogota.esteri.it\/news\/dall_ambasciata\/2019\/07\/i-diari-raccontano-2\/"},"modified":"2019-07-25T15:17:44","modified_gmt":"2019-07-25T20:17:44","slug":"i-diari-raccontano-2","status":"publish","type":"post","link":"https:\/\/ambbogota.esteri.it\/es\/news\/dall_ambasciata\/2019\/07\/i-diari-raccontano-2\/","title":{"rendered":"Diarios de emigrados italianos"},"content":{"rendered":"<p>Doscientas historias de emigrados italianos desde el Siglo XIX hasta hoy han sido seleccionadas e informatizadas por parte de la \u201cFondazione Archivio Diaristico Nazionale di Pieve Santo Stefano\u201d en colaboraci\u00f3n con la Canciller\u00eda italiana. Los diarios est\u00e1n organizados seg\u00fan criterios para facilitar la consulta y est\u00e1n disponibles en https:\/\/www.idiariraccontano.org\/. Una secci\u00f3n del sitio est\u00e1 dedicada a la recolecci\u00f3n de nuevas historias por parte de italianos residentes al exterior. Hay tambi\u00e9n historias de imigraci\u00f3n a <a href=\"https:\/\/www.idiariraccontano.org\/estratti\/richiamato-in-colombia\/\">Colombia<\/a>.<\/p>\n","protected":false},"excerpt":{"rendered":"Doscientas historias de emigrados italianos desde el Siglo XIX hasta hoy han sido seleccionadas e informatizadas por parte de la \u201cFondazione Archivio Diaristico Nazionale di Pieve Santo Stefano\u201d en colaboraci\u00f3n con la Canciller\u00eda italiana. Los diarios est\u00e1n organizados seg\u00fan criterios para facilitar la consulta y est\u00e1n disponibles en https:\/\/www.idiariraccontano.org\/. Una secci\u00f3n del sitio est\u00e1 dedicada [&hellip;]","protected":false},"author":1,"featured_media":0,"comment_status":"","ping_status":"","sticky":false,"template":"","format":"standard","meta":{"footnotes":""},"tags":[],"class_list":["post-2073","post","type-post","status-publish","format-standard","hentry"],"_links":{"self":[{"href":"https:\/\/ambbogota.esteri.it\/es\/wp-json\/wp\/v2\/posts\/2073","targetHints":{"allow":["GET"]}}],"collection":[{"href":"https:\/\/ambbogota.esteri.it\/es\/wp-json\/wp\/v2\/posts"}],"about":[{"href":"https:\/\/ambbogota.esteri.it\/es\/wp-json\/wp\/v2\/types\/post"}],"author":[{"embeddable":true,"href":"https:\/\/ambbogota.esteri.it\/es\/wp-json\/wp\/v2\/users\/1"}],"replies":[{"embeddable":true,"href":"https:\/\/ambbogota.esteri.it\/es\/wp-json\/wp\/v2\/comments?post=2073"}],"version-history":[{"count":0,"href":"https:\/\/ambbogota.esteri.it\/es\/wp-json\/wp\/v2\/posts\/2073\/revisions"}],"wp:attachment":[{"href":"https:\/\/ambbogota.esteri.it\/es\/wp-json\/wp\/v2\/media?parent=2073"}],"wp:term":[{"taxonomy":"post_tag","embeddable":true,"href":"https:\/\/ambbogota.esteri.it\/es\/wp-json\/wp\/v2\/tags?post=2073"}],"curies":[{"name":"wp","href":"https:\/\/api.w.org\/{rel}","templated":true}]}}