{"id":2112,"date":"2019-03-07T22:09:47","date_gmt":"2019-03-08T03:09:47","guid":{"rendered":"https:\/\/ambbogota.esteri.it\/news\/dall_ambasciata\/2019\/03\/assemblea-generale-2019-della-camera-2\/"},"modified":"2019-03-07T22:09:47","modified_gmt":"2019-03-08T03:09:47","slug":"assemblea-generale-2019-della-camera-2","status":"publish","type":"post","link":"https:\/\/ambbogota.esteri.it\/es\/news\/dall_ambasciata\/2019\/03\/assemblea-generale-2019-della-camera-2\/","title":{"rendered":"Asamblea General 2019 de la Camara de Comercio Italiana para Colombia"},"content":{"rendered":"<p style=\"text-align: justify;\">El 6 de marzo de 2019 se llev\u00f3 a cabo en la Residencia del Embajador de Italia en Bogot\u00e0 la Asamblea General de la C\u00e1mara de Comercio Italiana para Colombia, con la participaci\u00f3n de los socios y de la Junta Directiva.<\/p>\n<p style=\"text-align: justify;\">El Embajador Amaduzzi, felicitando al Presidente de la C\u00e1mara, Jos\u00e9 Antonio Vargas Lleras, por los excelentes e importantes resultados obtenidos por la C\u00e1mara en el 2018, ha subrayado la importancia de fortalecer a\u00fan m\u00e1s en el pr\u00f3ximo futuro la estrecha y proficua colaboraci\u00f3n con la Embajada y la Agencia ITA.<\/p>\n","protected":false},"excerpt":{"rendered":"El 6 de marzo de 2019 se llev\u00f3 a cabo en la Residencia del Embajador de Italia en Bogot\u00e0 la Asamblea General de la C\u00e1mara de Comercio Italiana para Colombia, con la participaci\u00f3n de los socios y de la Junta Directiva. El Embajador Amaduzzi, felicitando al Presidente de la C\u00e1mara, Jos\u00e9 Antonio Vargas Lleras, por [&hellip;]","protected":false},"author":1,"featured_media":0,"comment_status":"","ping_status":"","sticky":false,"template":"","format":"standard","meta":{"footnotes":""},"tags":[],"class_list":["post-2112","post","type-post","status-publish","format-standard","hentry"],"_links":{"self":[{"href":"https:\/\/ambbogota.esteri.it\/es\/wp-json\/wp\/v2\/posts\/2112","targetHints":{"allow":["GET"]}}],"collection":[{"href":"https:\/\/ambbogota.esteri.it\/es\/wp-json\/wp\/v2\/posts"}],"about":[{"href":"https:\/\/ambbogota.esteri.it\/es\/wp-json\/wp\/v2\/types\/post"}],"author":[{"embeddable":true,"href":"https:\/\/ambbogota.esteri.it\/es\/wp-json\/wp\/v2\/users\/1"}],"replies":[{"embeddable":true,"href":"https:\/\/ambbogota.esteri.it\/es\/wp-json\/wp\/v2\/comments?post=2112"}],"version-history":[{"count":0,"href":"https:\/\/ambbogota.esteri.it\/es\/wp-json\/wp\/v2\/posts\/2112\/revisions"}],"wp:attachment":[{"href":"https:\/\/ambbogota.esteri.it\/es\/wp-json\/wp\/v2\/media?parent=2112"}],"wp:term":[{"taxonomy":"post_tag","embeddable":true,"href":"https:\/\/ambbogota.esteri.it\/es\/wp-json\/wp\/v2\/tags?post=2112"}],"curies":[{"name":"wp","href":"https:\/\/api.w.org\/{rel}","templated":true}]}}