{"id":2126,"date":"2019-01-17T19:47:15","date_gmt":"2019-01-18T00:47:15","guid":{"rendered":"https:\/\/ambbogota.esteri.it\/news\/dall_ambasciata\/2019\/01\/giornata-sulla-liuteria-italiana-2\/"},"modified":"2019-01-17T19:47:15","modified_gmt":"2019-01-18T00:47:15","slug":"giornata-sulla-liuteria-italiana-2","status":"publish","type":"post","link":"https:\/\/ambbogota.esteri.it\/es\/news\/dall_ambasciata\/2019\/01\/giornata-sulla-liuteria-italiana-2\/","title":{"rendered":"Jornada sobre la luter\u00eda italiana organizada por la Agencia ITA"},"content":{"rendered":"<p>En el marco de la XIII edici\u00f3n del Festival Internacional de M\u00fasica de Cartagena, la Agencia ITA (Italian Trade Agency) ha organizado una jornada para hacer conocer la gran tradici\u00f3n italiana en la luter\u00eda y, al mismo tiempo, en la moderna producci\u00f3n de instrumentos musicales.<\/p>\n<p>El evento, al cual participaron varios miembros renombrados de la industria y que tuvo un \u00e9xito considerable, ha sido tambi\u00e9n una oportunidad \u00fatil para promover el Made in Italy en el sector musical a potenciales compradores de Sur Am\u00e9rica.<\/p>\n","protected":false},"excerpt":{"rendered":"En el marco de la XIII edici\u00f3n del Festival Internacional de M\u00fasica de Cartagena, la Agencia ITA (Italian Trade Agency) ha organizado una jornada para hacer conocer la gran tradici\u00f3n italiana en la luter\u00eda y, al mismo tiempo, en la moderna producci\u00f3n de instrumentos musicales. El evento, al cual participaron varios miembros renombrados de la [&hellip;]","protected":false},"author":1,"featured_media":0,"comment_status":"","ping_status":"","sticky":false,"template":"","format":"standard","meta":{"footnotes":""},"tags":[],"class_list":["post-2126","post","type-post","status-publish","format-standard","hentry"],"_links":{"self":[{"href":"https:\/\/ambbogota.esteri.it\/es\/wp-json\/wp\/v2\/posts\/2126","targetHints":{"allow":["GET"]}}],"collection":[{"href":"https:\/\/ambbogota.esteri.it\/es\/wp-json\/wp\/v2\/posts"}],"about":[{"href":"https:\/\/ambbogota.esteri.it\/es\/wp-json\/wp\/v2\/types\/post"}],"author":[{"embeddable":true,"href":"https:\/\/ambbogota.esteri.it\/es\/wp-json\/wp\/v2\/users\/1"}],"replies":[{"embeddable":true,"href":"https:\/\/ambbogota.esteri.it\/es\/wp-json\/wp\/v2\/comments?post=2126"}],"version-history":[{"count":0,"href":"https:\/\/ambbogota.esteri.it\/es\/wp-json\/wp\/v2\/posts\/2126\/revisions"}],"wp:attachment":[{"href":"https:\/\/ambbogota.esteri.it\/es\/wp-json\/wp\/v2\/media?parent=2126"}],"wp:term":[{"taxonomy":"post_tag","embeddable":true,"href":"https:\/\/ambbogota.esteri.it\/es\/wp-json\/wp\/v2\/tags?post=2126"}],"curies":[{"name":"wp","href":"https:\/\/api.w.org\/{rel}","templated":true}]}}