{"id":2144,"date":"2018-12-14T21:17:42","date_gmt":"2018-12-15T02:17:42","guid":{"rendered":"https:\/\/ambbogota.esteri.it\/news\/dall_ambasciata\/2018\/12\/aviso-sobre-visas-2\/"},"modified":"2018-12-14T21:17:42","modified_gmt":"2018-12-15T02:17:42","slug":"aviso-sobre-visas-2","status":"publish","type":"post","link":"https:\/\/ambbogota.esteri.it\/es\/news\/dall_ambasciata\/2018\/12\/aviso-sobre-visas-2\/","title":{"rendered":"Aviso sobre  Visas"},"content":{"rendered":"<p>Se comunica que la VFS Global, autorizada a recibir las solicitudes de Visas para la Embajada de Italia, podr\u00e1 recibir las solicitudes solamente hasta el 18 de diciembre 2018 siendo que se termin\u00f3 el contrato entre la Embajada de Italia y la VFS.<\/p>\n<p>A partir del 19 diciembre 2018 las personas que est\u00e1n interesadas a pedir una Visa a la Embajada de Italia deber\u00e1n solicitar una cita con debida antelaci\u00f3n entrando en el siguiente link <a href=\"https:\/\/prenotaonline.esteri.it\/login.aspx?cidsede=100090&#038;returnUrl=\/\/\">https:\/\/prenotaonline.esteri.it\/login.aspx?cidsede=100090&#038;returnUrl=\/\/<\/a>\u00a0<\/p>\n<p>siguiendo las instrucciones en el mismo contenidas.<\/p>\n<p>El d\u00eda de la cita el solicitante deber\u00e1n acercarse personalmente en sede de la Embajada de Italia Calle 93B #9-92 con toda la documentaci\u00f3n requerida seg\u00fan la tipolog\u00eda de visa que desea aplicar (vea requisitos de visas).<\/p>\n","protected":false},"excerpt":{"rendered":"Se comunica que la VFS Global, autorizada a recibir las solicitudes de Visas para la Embajada de Italia, podr\u00e1 recibir las solicitudes solamente hasta el 18 de diciembre 2018 siendo que se termin\u00f3 el contrato entre la Embajada de Italia y la VFS. A partir del 19 diciembre 2018 las personas que est\u00e1n interesadas a [&hellip;]","protected":false},"author":1,"featured_media":0,"comment_status":"","ping_status":"","sticky":false,"template":"","format":"standard","meta":{"footnotes":""},"tags":[],"class_list":["post-2144","post","type-post","status-publish","format-standard","hentry"],"_links":{"self":[{"href":"https:\/\/ambbogota.esteri.it\/es\/wp-json\/wp\/v2\/posts\/2144","targetHints":{"allow":["GET"]}}],"collection":[{"href":"https:\/\/ambbogota.esteri.it\/es\/wp-json\/wp\/v2\/posts"}],"about":[{"href":"https:\/\/ambbogota.esteri.it\/es\/wp-json\/wp\/v2\/types\/post"}],"author":[{"embeddable":true,"href":"https:\/\/ambbogota.esteri.it\/es\/wp-json\/wp\/v2\/users\/1"}],"replies":[{"embeddable":true,"href":"https:\/\/ambbogota.esteri.it\/es\/wp-json\/wp\/v2\/comments?post=2144"}],"version-history":[{"count":0,"href":"https:\/\/ambbogota.esteri.it\/es\/wp-json\/wp\/v2\/posts\/2144\/revisions"}],"wp:attachment":[{"href":"https:\/\/ambbogota.esteri.it\/es\/wp-json\/wp\/v2\/media?parent=2144"}],"wp:term":[{"taxonomy":"post_tag","embeddable":true,"href":"https:\/\/ambbogota.esteri.it\/es\/wp-json\/wp\/v2\/tags?post=2144"}],"curies":[{"name":"wp","href":"https:\/\/api.w.org\/{rel}","templated":true}]}}