{"id":2667,"date":"2023-12-21T12:20:56","date_gmt":"2023-12-21T17:20:56","guid":{"rendered":"https:\/\/ambbogota.esteri.it\/?p=2667"},"modified":"2023-12-21T12:21:55","modified_gmt":"2023-12-21T17:21:55","slug":"italianos-en-cartagena-de-indias-cinco-siglos-de-migracion-presentacion-de-la-pagina-web-www-memoriaitalianacolombia-com","status":"publish","type":"post","link":"https:\/\/ambbogota.esteri.it\/es\/news\/dall_ambasciata\/2023\/12\/italianos-en-cartagena-de-indias-cinco-siglos-de-migracion-presentacion-de-la-pagina-web-www-memoriaitalianacolombia-com\/","title":{"rendered":"\u00abItalianos en Cartagena de Indias, cinco siglos de migraci\u00f3n\u00bb &#8211; Presentaci\u00f3n de la p\u00e1gina web www.memoriaitalianacolombia.com"},"content":{"rendered":"<p>El 15 de diciembre de 2023, en el Claustro de la Merced de la Universidad de Cartagena, se realiz\u00f3 la socializaci\u00f3n de los primeros resultados del proyecto \u00abItalianos en Cartagena de Indias, cinco siglos de migraci\u00f3n\u00bb con la comunidad italiana y la ciudadan\u00eda local. En tal ocasi\u00f3n se present\u00f3 tambi\u00e9n la p\u00e1gina web dedicada a la iniciativa, que puede ser visitada en el siguiente enlace: <a href=\"http:\/\/www.memoriaitalianacolombia.com\">www.memoriaitalianacolombia.com<\/a><\/p>\n<p>El proyecto es fruto de la colaboraci\u00f3n entre el Comit\u00e9 de la Sociedad Dante Alighieri de Cartagena de Indias, la Sociedad Dante Alighieri Sede Central de Roma (cofinanciadora), y el Instituto Italiano de Estudios del Caribe &#8211; Universidad de Cartagena (coordinaci\u00f3n cient\u00edfica).<\/p>\n<p>El objetivo es doble: por un lado, estimular la investigaci\u00f3n social relacionada a la migraci\u00f3n italiana en Colombia, partiendo del estudio de caso de Cartagena de Indias; por otro, promover iniciativas culturales y ling\u00fc\u00edsticas capaces de involucrar tanto a los italianos y a los descendientes presentes en el territorio, como a la ciudadan\u00eda en general. Todo esto, esperando que la difusi\u00f3n de la memoria y de la historia sobre la migraci\u00f3n italiana aumente la conciencia de las afinidades y las diferencias entre las realidades culturales y ling\u00fc\u00edsticas colombianas e italianas.<\/p>\n","protected":false},"excerpt":{"rendered":"El 15 de diciembre de 2023, en el Claustro de la Merced de la Universidad de Cartagena, se realiz\u00f3 la socializaci\u00f3n de los primeros resultados del proyecto \u00abItalianos en Cartagena de Indias, cinco siglos de migraci\u00f3n\u00bb con la comunidad italiana y la ciudadan\u00eda local. En tal ocasi\u00f3n se present\u00f3 tambi\u00e9n la p\u00e1gina web dedicada a [&hellip;]","protected":false},"author":4,"featured_media":2665,"comment_status":"closed","ping_status":"closed","sticky":false,"template":"","format":"standard","meta":{"footnotes":""},"tags":[],"class_list":["post-2667","post","type-post","status-publish","format-standard","has-post-thumbnail","hentry"],"_links":{"self":[{"href":"https:\/\/ambbogota.esteri.it\/es\/wp-json\/wp\/v2\/posts\/2667","targetHints":{"allow":["GET"]}}],"collection":[{"href":"https:\/\/ambbogota.esteri.it\/es\/wp-json\/wp\/v2\/posts"}],"about":[{"href":"https:\/\/ambbogota.esteri.it\/es\/wp-json\/wp\/v2\/types\/post"}],"author":[{"embeddable":true,"href":"https:\/\/ambbogota.esteri.it\/es\/wp-json\/wp\/v2\/users\/4"}],"replies":[{"embeddable":true,"href":"https:\/\/ambbogota.esteri.it\/es\/wp-json\/wp\/v2\/comments?post=2667"}],"version-history":[{"count":1,"href":"https:\/\/ambbogota.esteri.it\/es\/wp-json\/wp\/v2\/posts\/2667\/revisions"}],"predecessor-version":[{"id":2671,"href":"https:\/\/ambbogota.esteri.it\/es\/wp-json\/wp\/v2\/posts\/2667\/revisions\/2671"}],"wp:featuredmedia":[{"embeddable":true,"href":"https:\/\/ambbogota.esteri.it\/es\/wp-json\/wp\/v2\/media\/2665"}],"wp:attachment":[{"href":"https:\/\/ambbogota.esteri.it\/es\/wp-json\/wp\/v2\/media?parent=2667"}],"wp:term":[{"taxonomy":"post_tag","embeddable":true,"href":"https:\/\/ambbogota.esteri.it\/es\/wp-json\/wp\/v2\/tags?post=2667"}],"curies":[{"name":"wp","href":"https:\/\/api.w.org\/{rel}","templated":true}]}}