{"id":4077,"date":"2024-06-26T10:11:51","date_gmt":"2024-06-26T15:11:51","guid":{"rendered":"https:\/\/ambbogota.esteri.it\/?p=4077"},"modified":"2024-06-26T10:21:27","modified_gmt":"2024-06-26T15:21:27","slug":"italian-screens-nuevo-cinema-italiano-en-colombia-bogota-29-de-junio-7-de-julio-medellin-11-14-de-julio","status":"publish","type":"post","link":"https:\/\/ambbogota.esteri.it\/es\/news\/dall_ambasciata\/2024\/06\/italian-screens-nuevo-cinema-italiano-en-colombia-bogota-29-de-junio-7-de-julio-medellin-11-14-de-julio\/","title":{"rendered":"ITALIAN SCREENS: NUEVO CINEMA ITALIANO EN COLOMBIA (BOGOT\u00c1 29 DE JUNIO &#8211; 7 DE JULIO; MEDELL\u00cdN 11-14 DE JULIO)"},"content":{"rendered":"<p>Italian Screens vuelve a Colombia con lo mejor del cine italiano contempor\u00e1neo, este a\u00f1o en las ciudades de Bogot\u00e1 y Medell\u00edn.<\/p>\n<p>Las proyecciones han sido organizadas en colaboraci\u00f3n con la\u00a0<strong>Cinemateca de Bogot\u00e0 y el Museo de Arte Moderno de Bogot\u00e0 (MAMM)\u00a0<\/strong>en cuyas salas ser\u00e1n proyectadas las pel\u00edculas a partir<strong>\u00a0del\u00a0<\/strong><strong>29 de junio y hasta el 7 de julio\u00a0<\/strong>(Bogot\u00e0) y desde el\u00a0<strong>11 al 14 de julio<\/strong> (Medell\u00ecn).<\/p>\n<p>Italian Screens les espera en las salas cinematogr\u00e1ficas con:<\/p>\n<ul>\n<li><em>El secuestro del papa\u00a0<\/em>(<em>Rapito<\/em>)<em>\u00a0(<\/em>Dir. Marco Bellocchio, 2023) Italia, Francia, Alemania. 134 min.<\/li>\n<li><em>Siempre nos quedar\u00e1 ma\u00f1ana (C\u2019\u00e8 ancora domani<\/em>)(Dir. Paola Cortellesi, 2023) Italia. 118 min.<\/li>\n<li>Lo mejor est\u00e1 por venir (Il Sol dell\u2019Avvenire) (Dir. Nanni Moretti, 2023) Italia. 95 min.<\/li>\n<li><em>Adagio<\/em>\u00a0(Dir. Stefano Sollima, 2023) Italia. 127 min.<\/li>\n<li><em>Lubo<\/em>\u00a0(Dir. Giorgio Diritti, 2023) Italia, Suiza. 181 min.<\/li>\n<li><em>Scarlet (Le vele scarlatte)<\/em>\u00a0(Dir. Pietro Marcello, 2022) Francia, Italia, Alemania.<\/li>\n<li><em>Umberto Eco: la biblioteca del mondo<\/em>\u00a0(Dir. Davide Ferrario, 2022) Italia. 80 min<\/li>\n<li><em>Gloria!<\/em>\u00a0(Dir. Margherita Vicario, 2024) Italia, Suiza.106 min.<\/li>\n<li><em>La quimera (La chimera)<\/em>\u00a0(Dir. Alice Rohrwacher, 2023) Italia, Francia, Suiza. 133 min.<\/li>\n<li><em>Disco Boy (Dir. Giacomo Abbruzzese, 2023) Francia, Italia, Alemania. 91 min.<\/em><\/li>\n<\/ul>\n<p>Italian Screens es una iniciativa ideada por el Responsable de Proyectos Especiales de la Direzione Generale Cinema e Audiovisivo del Ministerio de la Cultura,<strong>\u00a0Roberto Stabile,\u00a0<\/strong>y promovida por el\u00a0<strong>Ministerio de Relaciones Exteriores y de la Cooperaci\u00f3n Internacional Italiana y Cinecitt\u00e1 per la Direzione Generale Cinema e Audiovisivo del Ministerio de la Cultura.<br \/>\n<\/strong>La realizaci\u00f3n de Italian Screens en Colombia se debe al apoyo de la<strong>\u00a0Embajada de Italia en Colombia, del Istituto Italiano di Cultura de Bogota y del Mercado Audiovisual de Bogot\u00e1 (BAM)<\/strong>.<\/p>\n","protected":false},"excerpt":{"rendered":"Italian Screens vuelve a Colombia con lo mejor del cine italiano contempor\u00e1neo, este a\u00f1o en las ciudades de Bogot\u00e1 y Medell\u00edn. Las proyecciones han sido organizadas en colaboraci\u00f3n con la\u00a0Cinemateca de Bogot\u00e0 y el Museo de Arte Moderno de Bogot\u00e0 (MAMM)\u00a0en cuyas salas ser\u00e1n proyectadas las pel\u00edculas a partir\u00a0del\u00a029 de junio y hasta el 7 [&hellip;]","protected":false},"author":4,"featured_media":4072,"comment_status":"closed","ping_status":"closed","sticky":false,"template":"","format":"standard","meta":{"footnotes":""},"tags":[],"class_list":["post-4077","post","type-post","status-publish","format-standard","has-post-thumbnail","hentry"],"_links":{"self":[{"href":"https:\/\/ambbogota.esteri.it\/es\/wp-json\/wp\/v2\/posts\/4077","targetHints":{"allow":["GET"]}}],"collection":[{"href":"https:\/\/ambbogota.esteri.it\/es\/wp-json\/wp\/v2\/posts"}],"about":[{"href":"https:\/\/ambbogota.esteri.it\/es\/wp-json\/wp\/v2\/types\/post"}],"author":[{"embeddable":true,"href":"https:\/\/ambbogota.esteri.it\/es\/wp-json\/wp\/v2\/users\/4"}],"replies":[{"embeddable":true,"href":"https:\/\/ambbogota.esteri.it\/es\/wp-json\/wp\/v2\/comments?post=4077"}],"version-history":[{"count":1,"href":"https:\/\/ambbogota.esteri.it\/es\/wp-json\/wp\/v2\/posts\/4077\/revisions"}],"predecessor-version":[{"id":4078,"href":"https:\/\/ambbogota.esteri.it\/es\/wp-json\/wp\/v2\/posts\/4077\/revisions\/4078"}],"wp:featuredmedia":[{"embeddable":true,"href":"https:\/\/ambbogota.esteri.it\/es\/wp-json\/wp\/v2\/media\/4072"}],"wp:attachment":[{"href":"https:\/\/ambbogota.esteri.it\/es\/wp-json\/wp\/v2\/media?parent=4077"}],"wp:term":[{"taxonomy":"post_tag","embeddable":true,"href":"https:\/\/ambbogota.esteri.it\/es\/wp-json\/wp\/v2\/tags?post=4077"}],"curies":[{"name":"wp","href":"https:\/\/api.w.org\/{rel}","templated":true}]}}