{"id":6521,"date":"2025-05-27T14:28:39","date_gmt":"2025-05-27T19:28:39","guid":{"rendered":"https:\/\/ambbogota.esteri.it\/?p=6521"},"modified":"2025-05-27T14:29:25","modified_gmt":"2025-05-27T19:29:25","slug":"martes-03-de-junio-de-2025-recepcion-del-publico-para-servicios-de-la-oficina-de-visas-de-8-30-a-11-30","status":"publish","type":"post","link":"https:\/\/ambbogota.esteri.it\/es\/news\/dall_ambasciata\/2025\/05\/martes-03-de-junio-de-2025-recepcion-del-publico-para-servicios-de-la-oficina-de-visas-de-8-30-a-11-30\/","title":{"rendered":"Martes 03 de junio de 2025. Recepci\u00f3n del P\u00fablico para Servicios de la Oficina de Visas de 8.30 a 11.30."},"content":{"rendered":"<p>Se informa a los usuarios que el d\u00eda martes 03 de junio de 2025, la recepci\u00f3n del p\u00fablico para los servicios de la oficina de visas tendr\u00e1 lugar desde las 8.30 hasta las 11.30, y no como de costumbre de 13.30 a 15.00.<\/p>\n<p>A partir del martes 10 de junio de 2025, la recepci\u00f3n del p\u00fablico los d\u00edas martes se reanudar\u00e1 por la tarde de 13:30 a 15:00.<\/p>\n<p>&nbsp;<\/p>\n","protected":false},"excerpt":{"rendered":"Se informa a los usuarios que el d\u00eda martes 03 de junio de 2025, la recepci\u00f3n del p\u00fablico para los servicios de la oficina de visas tendr\u00e1 lugar desde las 8.30 hasta las 11.30, y no como de costumbre de 13.30 a 15.00. A partir del martes 10 de junio de 2025, la recepci\u00f3n del [&hellip;]","protected":false},"author":7,"featured_media":0,"comment_status":"closed","ping_status":"closed","sticky":false,"template":"","format":"standard","meta":{"footnotes":""},"tags":[],"class_list":["post-6521","post","type-post","status-publish","format-standard","hentry"],"_links":{"self":[{"href":"https:\/\/ambbogota.esteri.it\/es\/wp-json\/wp\/v2\/posts\/6521","targetHints":{"allow":["GET"]}}],"collection":[{"href":"https:\/\/ambbogota.esteri.it\/es\/wp-json\/wp\/v2\/posts"}],"about":[{"href":"https:\/\/ambbogota.esteri.it\/es\/wp-json\/wp\/v2\/types\/post"}],"author":[{"embeddable":true,"href":"https:\/\/ambbogota.esteri.it\/es\/wp-json\/wp\/v2\/users\/7"}],"replies":[{"embeddable":true,"href":"https:\/\/ambbogota.esteri.it\/es\/wp-json\/wp\/v2\/comments?post=6521"}],"version-history":[{"count":1,"href":"https:\/\/ambbogota.esteri.it\/es\/wp-json\/wp\/v2\/posts\/6521\/revisions"}],"predecessor-version":[{"id":6523,"href":"https:\/\/ambbogota.esteri.it\/es\/wp-json\/wp\/v2\/posts\/6521\/revisions\/6523"}],"wp:attachment":[{"href":"https:\/\/ambbogota.esteri.it\/es\/wp-json\/wp\/v2\/media?parent=6521"}],"wp:term":[{"taxonomy":"post_tag","embeddable":true,"href":"https:\/\/ambbogota.esteri.it\/es\/wp-json\/wp\/v2\/tags?post=6521"}],"curies":[{"name":"wp","href":"https:\/\/api.w.org\/{rel}","templated":true}]}}