{"id":6622,"date":"2025-06-23T14:47:44","date_gmt":"2025-06-23T19:47:44","guid":{"rendered":"https:\/\/ambbogota.esteri.it\/?p=6622"},"modified":"2025-06-23T14:50:43","modified_gmt":"2025-06-23T19:50:43","slug":"comunicado-de-la-embajada-de-italia-en-bogota-sobre-la-captura-de-los-4-sospechosos-del-asesinato-del-compatriota-alessandro-coatti","status":"publish","type":"post","link":"https:\/\/ambbogota.esteri.it\/es\/news\/dall_ambasciata\/2025\/06\/comunicado-de-la-embajada-de-italia-en-bogota-sobre-la-captura-de-los-4-sospechosos-del-asesinato-del-compatriota-alessandro-coatti\/","title":{"rendered":"Comunicado de la Embajada de Italia en Bogot\u00e1 sobre la captura de los 4 sospechosos del asesinato del compatriota Alessandro Coatti"},"content":{"rendered":"<p>La Embajada de Italia en Bogot\u00e1 informa que el s\u00e1bado 21 de junio fueron ejecutadas en varias ciudades colombianas (Bogot\u00e1, Santa Marta, Medell\u00edn, Arjona-Bol\u00edvar) 4 \u00f3rdenes de captura emitidas por la Autoridad Judicial del Departamento del Magdalena contra 4 ciudadanos colombianos (3 hombres y una mujer), considerados responsables del homicidio, del ciudadano italiano Alessandro COATTI, cometido el 6 de abril de 2025, en Santa Marta (Colombia). Cabe mencionar que hoy mismo el cuerpo de nuestro compatriota lleg\u00f3 a Ravena para ser puesto a disposici\u00f3n de las autoridades italianas.<\/p>\n<p>Gracias a una intensa actividad de investigaci\u00f3n llevada a cabo por las autoridades colombianas en colaboraci\u00f3n conjunta con nuestras autoridades competentes (Fiscal\u00eda de Roma, encargada del procedimiento en Italia, ROS de los Carabinieri, Servicio de Cooperaci\u00f3n Policial Internacional, Ministerio de Asuntos Exteriores y esta Embajada de Italia en Bogot\u00e1), este importante resultado se alcanz\u00f3 en muy poco tiempo, fruto de una estrecha cooperaci\u00f3n judicial entre los dos pa\u00edses, gracias a investigaciones llevadas a cabo sin descanso en varias direcciones hasta identificar los perfiles de responsabilidad.<\/p>\n<p>Al se\u00f1alar c\u00f3mo este tr\u00e1gico suceso ha destacado una vez m\u00e1s la solidez y la eficacia de la cooperaci\u00f3n judicial y policial bilateral entre los dos pa\u00edses, se agradece a las autoridades colombianas el inter\u00e9s y la determinaci\u00f3n que han mostrado para resolver este caso en un tiempo extremadamente corto.<\/p>\n","protected":false},"excerpt":{"rendered":"La Embajada de Italia en Bogot\u00e1 informa que el s\u00e1bado 21 de junio fueron ejecutadas en varias ciudades colombianas (Bogot\u00e1, Santa Marta, Medell\u00edn, Arjona-Bol\u00edvar) 4 \u00f3rdenes de captura emitidas por la Autoridad Judicial del Departamento del Magdalena contra 4 ciudadanos colombianos (3 hombres y una mujer), considerados responsables del homicidio, del ciudadano italiano Alessandro COATTI, [&hellip;]","protected":false},"author":9,"featured_media":0,"comment_status":"closed","ping_status":"closed","sticky":false,"template":"","format":"standard","meta":{"footnotes":""},"tags":[],"class_list":["post-6622","post","type-post","status-publish","format-standard","hentry"],"_links":{"self":[{"href":"https:\/\/ambbogota.esteri.it\/es\/wp-json\/wp\/v2\/posts\/6622","targetHints":{"allow":["GET"]}}],"collection":[{"href":"https:\/\/ambbogota.esteri.it\/es\/wp-json\/wp\/v2\/posts"}],"about":[{"href":"https:\/\/ambbogota.esteri.it\/es\/wp-json\/wp\/v2\/types\/post"}],"author":[{"embeddable":true,"href":"https:\/\/ambbogota.esteri.it\/es\/wp-json\/wp\/v2\/users\/9"}],"replies":[{"embeddable":true,"href":"https:\/\/ambbogota.esteri.it\/es\/wp-json\/wp\/v2\/comments?post=6622"}],"version-history":[{"count":1,"href":"https:\/\/ambbogota.esteri.it\/es\/wp-json\/wp\/v2\/posts\/6622\/revisions"}],"predecessor-version":[{"id":6624,"href":"https:\/\/ambbogota.esteri.it\/es\/wp-json\/wp\/v2\/posts\/6622\/revisions\/6624"}],"wp:attachment":[{"href":"https:\/\/ambbogota.esteri.it\/es\/wp-json\/wp\/v2\/media?parent=6622"}],"wp:term":[{"taxonomy":"post_tag","embeddable":true,"href":"https:\/\/ambbogota.esteri.it\/es\/wp-json\/wp\/v2\/tags?post=6622"}],"curies":[{"name":"wp","href":"https:\/\/api.w.org\/{rel}","templated":true}]}}