{"id":1602,"date":"2022-11-24T17:53:56","date_gmt":"2022-11-24T22:53:56","guid":{"rendered":"https:\/\/ambbogota.esteri.it\/news\/dall_ambasciata\/2022\/11\/conferenza-presso-la-sede-di-enel\/"},"modified":"2022-11-24T17:53:56","modified_gmt":"2022-11-24T22:53:56","slug":"conferenza-presso-la-sede-di-enel","status":"publish","type":"post","link":"https:\/\/ambbogota.esteri.it\/it\/news\/dall_ambasciata\/2022\/11\/conferenza-presso-la-sede-di-enel\/","title":{"rendered":"CONFERENZA, PRESSO LA SEDE DI ENEL COLOMBIA, SUL VIAGGIO DI SIMON BOLIVAR IN ITALIA  NEL 1805"},"content":{"rendered":"<p style=\"text-align: justify;\">L\u2019Istituto Italiano di Cultura di Bogot\u00e1, in collaborazione con l\u2019azienda italiana ENEL, ha organizzato lo scorso 22 novembre un\u2019interessante conferenza curata dal Dott. Nelson Osorio sul viaggio in Italia nel 1805 di Sim\u00f3n Bol\u00edvar.<\/p>\n<p style=\"text-align: justify;\">La permanenza, seppur breve, nel nostro Paese ha marcato indelebilmente il percorso di vita del Libertador.<\/p>\n<p style=\"text-align: justify;\">Nell\u2019ambito della conferenza l&#8217;Ambasciatore Amaduzzi ha promosso la candidatura ad ospitare l\u2019Expo 2030 di Roma, citt\u00e0 dove soggiorn\u00f2 Bol\u00edvar e teatro del celebre giuramento del Monte Sacro.<\/p>\n","protected":false},"excerpt":{"rendered":"L\u2019Istituto Italiano di Cultura di Bogot\u00e1, in collaborazione con l\u2019azienda italiana ENEL, ha organizzato lo scorso 22 novembre un\u2019interessante conferenza curata dal Dott. Nelson Osorio sul viaggio in Italia nel 1805 di Sim\u00f3n Bol\u00edvar. La permanenza, seppur breve, nel nostro Paese ha marcato indelebilmente il percorso di vita del Libertador. Nell\u2019ambito della conferenza l&#8217;Ambasciatore Amaduzzi [&hellip;]","protected":false},"author":1,"featured_media":0,"comment_status":"","ping_status":"","sticky":false,"template":"","format":"standard","meta":{"footnotes":""},"tags":[],"class_list":["post-1602","post","type-post","status-publish","format-standard","hentry"],"_links":{"self":[{"href":"https:\/\/ambbogota.esteri.it\/it\/wp-json\/wp\/v2\/posts\/1602","targetHints":{"allow":["GET"]}}],"collection":[{"href":"https:\/\/ambbogota.esteri.it\/it\/wp-json\/wp\/v2\/posts"}],"about":[{"href":"https:\/\/ambbogota.esteri.it\/it\/wp-json\/wp\/v2\/types\/post"}],"author":[{"embeddable":true,"href":"https:\/\/ambbogota.esteri.it\/it\/wp-json\/wp\/v2\/users\/1"}],"replies":[{"embeddable":true,"href":"https:\/\/ambbogota.esteri.it\/it\/wp-json\/wp\/v2\/comments?post=1602"}],"version-history":[{"count":0,"href":"https:\/\/ambbogota.esteri.it\/it\/wp-json\/wp\/v2\/posts\/1602\/revisions"}],"wp:attachment":[{"href":"https:\/\/ambbogota.esteri.it\/it\/wp-json\/wp\/v2\/media?parent=1602"}],"wp:term":[{"taxonomy":"post_tag","embeddable":true,"href":"https:\/\/ambbogota.esteri.it\/it\/wp-json\/wp\/v2\/tags?post=1602"}],"curies":[{"name":"wp","href":"https:\/\/api.w.org\/{rel}","templated":true}]}}