{"id":1883,"date":"2021-02-24T19:06:28","date_gmt":"2021-02-25T00:06:28","guid":{"rendered":"https:\/\/ambbogota.esteri.it\/news\/dall_ambasciata\/2021\/02\/evento-fao-governance-e-pace-contributi\/"},"modified":"2021-02-24T19:06:28","modified_gmt":"2021-02-25T00:06:28","slug":"evento-fao-governance-e-pace-contributi","status":"publish","type":"post","link":"https:\/\/ambbogota.esteri.it\/it\/news\/dall_ambasciata\/2021\/02\/evento-fao-governance-e-pace-contributi\/","title":{"rendered":"EVENTO FAO &#8220;GOVERNANCE E PACE. CONTRIBUTI PER LA REALIZZAZIONE DELL&#8217;ACCORDO DI PACE&#8221;"},"content":{"rendered":"<p style=\"text-align: justify;\">La Cooperazione italiana \u00e8 impegnata con l&#8217;accordo di pace colombiano e promuove l&#8217;evento &#8220;Governance e Pace. Contributi per la realizzazione dell&#8217;Accordo di pace&#8221; organizzato dalla FAO con la partecipazione dell&#8217;Ambasciatore d&#8217;Italia in Colombia, Gherardo Amaduzzi. Sar\u00e0 uno spazio di dialogo e riflessione su varie tematiche relative alla propiet\u00e0 della terra nel paese.<\/p>\n<p style=\"text-align: justify;\">L&#8217;evento si svolger\u00e1 gioved\u00ed 25 febbraio 2021 alle ore 8am colombiane.<\/p>\n<p style=\"text-align: justify;\">\u00c9 possibile iscriversi al seguente link: <a href=\"https:\/\/docs.google.com\/forms\/d\/e\/1FAIpQLSdUw1cg_zLGK2oYyskYCRPtnDhJQ1HxbBkkKjPk5xNFC4bNpg\/viewform\">https:\/\/docs.google.com\/forms\/d\/e\/1FAIpQLSdUw1cg_zLGK2oYyskYCRPtnDhJQ1HxbBkkKjPk5xNFC4bNpg\/viewform<\/a><\/p>\n<p style=\"text-align: justify;\">Per maggiori informazioni: <a href=\"http:\/\/www.fao.org\/colombia\/noticias\/detail-events\/es\/c\/1376185\/\">http:\/\/www.fao.org\/colombia\/noticias\/detail-events\/es\/c\/1376185\/<\/a><\/p>\n","protected":false},"excerpt":{"rendered":"La Cooperazione italiana \u00e8 impegnata con l&#8217;accordo di pace colombiano e promuove l&#8217;evento &#8220;Governance e Pace. Contributi per la realizzazione dell&#8217;Accordo di pace&#8221; organizzato dalla FAO con la partecipazione dell&#8217;Ambasciatore d&#8217;Italia in Colombia, Gherardo Amaduzzi. Sar\u00e0 uno spazio di dialogo e riflessione su varie tematiche relative alla propiet\u00e0 della terra nel paese. L&#8217;evento si svolger\u00e1 [&hellip;]","protected":false},"author":1,"featured_media":0,"comment_status":"","ping_status":"","sticky":false,"template":"","format":"standard","meta":{"footnotes":""},"tags":[],"class_list":["post-1883","post","type-post","status-publish","format-standard","hentry"],"_links":{"self":[{"href":"https:\/\/ambbogota.esteri.it\/it\/wp-json\/wp\/v2\/posts\/1883","targetHints":{"allow":["GET"]}}],"collection":[{"href":"https:\/\/ambbogota.esteri.it\/it\/wp-json\/wp\/v2\/posts"}],"about":[{"href":"https:\/\/ambbogota.esteri.it\/it\/wp-json\/wp\/v2\/types\/post"}],"author":[{"embeddable":true,"href":"https:\/\/ambbogota.esteri.it\/it\/wp-json\/wp\/v2\/users\/1"}],"replies":[{"embeddable":true,"href":"https:\/\/ambbogota.esteri.it\/it\/wp-json\/wp\/v2\/comments?post=1883"}],"version-history":[{"count":0,"href":"https:\/\/ambbogota.esteri.it\/it\/wp-json\/wp\/v2\/posts\/1883\/revisions"}],"wp:attachment":[{"href":"https:\/\/ambbogota.esteri.it\/it\/wp-json\/wp\/v2\/media?parent=1883"}],"wp:term":[{"taxonomy":"post_tag","embeddable":true,"href":"https:\/\/ambbogota.esteri.it\/it\/wp-json\/wp\/v2\/tags?post=1883"}],"curies":[{"name":"wp","href":"https:\/\/api.w.org\/{rel}","templated":true}]}}