{"id":1987,"date":"2020-06-01T23:02:29","date_gmt":"2020-06-02T04:02:29","guid":{"rendered":"https:\/\/ambbogota.esteri.it\/news\/dall_ambasciata\/2020\/06\/saluto-ambasciatore-amaduzzi-in\/"},"modified":"2020-06-01T23:02:29","modified_gmt":"2020-06-02T04:02:29","slug":"saluto-ambasciatore-amaduzzi-in","status":"publish","type":"post","link":"https:\/\/ambbogota.esteri.it\/it\/news\/dall_ambasciata\/2020\/06\/saluto-ambasciatore-amaduzzi-in\/","title":{"rendered":"Saluto Ambasciatore Amaduzzi in occasione della Festivit\u00e0 Nazionale del 2 giugno."},"content":{"rendered":"<p>Cari connazionali,<\/p>\n<p>in occasione della ricorrenza della Festivita\u2019 nazionale del 2 giugno, rivolgo innanzitutto a tutti un invito ad unirci in un ideale momento di riflessione in memoria delle tante persone che ci hanno lasciato a causa della diffusione del virus COVID-19, in Italia, in Colombia e nel mondo intero.<\/p>\n<p>Sin dall\u2019inizio dell\u2019emergenza, l\u2019Ambasciata \u2013 in costante coordinamento con la Farnesina \u2013 ha impegnato ogni possibile energia e risorsa per assistere i tanti connazionali che si trovano in differenti parti della Colombia e che desiderano fare rientro in Italia.<\/p>\n<p>Continueremo a farlo, con il massimo impegno di tutto il personale dell\u2019Ambasciata come abbiamo fatto in questi mesi durante i quali centinaia e centinaia di italiani hanno potuto fare rientro alle loro case.<\/p>\n<p>L\u2019attuale grave ed inedita situazione pandemica internazionale richiede necessariamente la comprensione e la collaborazione di tutti, nel pieno rispetto delle esigenze, delle aspirazioni, dei ruoli e delle responsabilita\u2019 di ciascuno.<\/p>\n<p>Come sottolineato dal Signor Presidente della Repubblica Mattarella, insieme potremo affrontare efficacemente questa nuova sfida nella convinzione che \u201cil legame che ci tiene uniti sar\u00e0 pi\u00f9 forte delle tensioni e delle difficolt\u00e0\u201d.<\/p>\n<p>Le relazioni tra Italia e Colombia sono solide, in tutti i settori, politico, economico, culturale e sociale. Sono certo che su tali basi riusciremo a ripartire, consolidando e rafforzando ulteriormente tali legami.<\/p>\n<p>Sono spiacente che quest\u2019anno non potremo avere occasione di incontrarci di persona per festeggiare insieme questa solenne occasione.<\/p>\n<p>Seppur in questo difficile contesto, auguro a tutti voi, alle vostre famiglie, ai vostri cari, un felice 2 giugno.<\/p>\n<p>Molto cordialmente,<\/p>\n<p>Gherardo Amaduzzi.<\/p>\n","protected":false},"excerpt":{"rendered":"Cari connazionali, in occasione della ricorrenza della Festivita\u2019 nazionale del 2 giugno, rivolgo innanzitutto a tutti un invito ad unirci in un ideale momento di riflessione in memoria delle tante persone che ci hanno lasciato a causa della diffusione del virus COVID-19, in Italia, in Colombia e nel mondo intero. Sin dall\u2019inizio dell\u2019emergenza, l\u2019Ambasciata \u2013 [&hellip;]","protected":false},"author":1,"featured_media":0,"comment_status":"","ping_status":"","sticky":false,"template":"","format":"standard","meta":{"footnotes":""},"tags":[],"class_list":["post-1987","post","type-post","status-publish","format-standard","hentry"],"_links":{"self":[{"href":"https:\/\/ambbogota.esteri.it\/it\/wp-json\/wp\/v2\/posts\/1987","targetHints":{"allow":["GET"]}}],"collection":[{"href":"https:\/\/ambbogota.esteri.it\/it\/wp-json\/wp\/v2\/posts"}],"about":[{"href":"https:\/\/ambbogota.esteri.it\/it\/wp-json\/wp\/v2\/types\/post"}],"author":[{"embeddable":true,"href":"https:\/\/ambbogota.esteri.it\/it\/wp-json\/wp\/v2\/users\/1"}],"replies":[{"embeddable":true,"href":"https:\/\/ambbogota.esteri.it\/it\/wp-json\/wp\/v2\/comments?post=1987"}],"version-history":[{"count":0,"href":"https:\/\/ambbogota.esteri.it\/it\/wp-json\/wp\/v2\/posts\/1987\/revisions"}],"wp:attachment":[{"href":"https:\/\/ambbogota.esteri.it\/it\/wp-json\/wp\/v2\/media?parent=1987"}],"wp:term":[{"taxonomy":"post_tag","embeddable":true,"href":"https:\/\/ambbogota.esteri.it\/it\/wp-json\/wp\/v2\/tags?post=1987"}],"curies":[{"name":"wp","href":"https:\/\/api.w.org\/{rel}","templated":true}]}}