{"id":2664,"date":"2023-12-21T12:20:56","date_gmt":"2023-12-21T17:20:56","guid":{"rendered":"https:\/\/ambbogota.esteri.it\/?p=2664"},"modified":"2023-12-21T12:20:56","modified_gmt":"2023-12-21T17:20:56","slug":"progetto-gli-italiani-a-cartagena-de-indias-cinque-secoli-di-migrazione-presentazione-del-sito-www-memoriaitalianacolombia-com","status":"publish","type":"post","link":"https:\/\/ambbogota.esteri.it\/it\/news\/dall_ambasciata\/2023\/12\/progetto-gli-italiani-a-cartagena-de-indias-cinque-secoli-di-migrazione-presentazione-del-sito-www-memoriaitalianacolombia-com\/","title":{"rendered":"Progetto: &#8220;Gli italiani a Cartagena de Indias, cinque secoli di migrazione&#8221; &#8211; Presentazione del sito www.memoriaitalianacolombia.com"},"content":{"rendered":"<p>Il 15 dicembre 2023, presso il Claustro della Merced dell&#8217;Universidad de Cartagena, si \u00e8 tenuta la socializzazione dei primi risultati del progetto : &#8220;Gli italiani a Cartagena de Indias, cinque secoli di migrazione&#8221; con la comunit\u00e0 italiana e la cittadinanza locale. In tale occasione \u00e8 stato presentato anche il sito internet dedicato all\u2019iniziativa, che pu\u00f3 essere consultato al link: <a href=\"http:\/\/www.memoriaitalianacolombia.com\">www.memoriaitalianacolombia.com<\/a><\/p>\n<p>Il progetto \u00e8 frutto della collaborazione tra il Comitato della Societ\u00e1 Dante Alighieri di Cartagena de Indias, dalla Societ\u00e1 Dante Alighieri Sede centrale di Roma (co-finanziatrice) e l&#8217;Instituto Italiano de Estudios del Caribe &#8211; Universidad de Cartagena (coordinazione scientifica).<\/p>\n<p>&nbsp;<\/p>\n<p>L\u2019obiettivo \u00e8 duplice: da una parte, stimolare la ricerca sociale legata alla migrazione italiana in Colombia, partendo dal caso di studio di Cartagena de Indias; dall\u2019altra, promuovere iniziative culturali e linguistiche capaci di coinvolgere sia gli italiani e discendenti\u00a0 presenti sul territorio che la cittadinanza in generale. Il tutto, auspicando che la diffusione della memoria e della storia sulla migrazione italiana accresca la coscienza di affinit\u00e0 e differenze tra le realt\u00e0 culturali e linguistiche colombiane e italiane.<\/p>\n","protected":false},"excerpt":{"rendered":"Il 15 dicembre 2023, presso il Claustro della Merced dell&#8217;Universidad de Cartagena, si \u00e8 tenuta la socializzazione dei primi risultati del progetto : &#8220;Gli italiani a Cartagena de Indias, cinque secoli di migrazione&#8221; con la comunit\u00e0 italiana e la cittadinanza locale. In tale occasione \u00e8 stato presentato anche il sito internet dedicato all\u2019iniziativa, che pu\u00f3 [&hellip;]","protected":false},"author":4,"featured_media":2665,"comment_status":"closed","ping_status":"closed","sticky":false,"template":"","format":"standard","meta":{"footnotes":""},"tags":[],"class_list":["post-2664","post","type-post","status-publish","format-standard","has-post-thumbnail","hentry"],"_links":{"self":[{"href":"https:\/\/ambbogota.esteri.it\/it\/wp-json\/wp\/v2\/posts\/2664","targetHints":{"allow":["GET"]}}],"collection":[{"href":"https:\/\/ambbogota.esteri.it\/it\/wp-json\/wp\/v2\/posts"}],"about":[{"href":"https:\/\/ambbogota.esteri.it\/it\/wp-json\/wp\/v2\/types\/post"}],"author":[{"embeddable":true,"href":"https:\/\/ambbogota.esteri.it\/it\/wp-json\/wp\/v2\/users\/4"}],"replies":[{"embeddable":true,"href":"https:\/\/ambbogota.esteri.it\/it\/wp-json\/wp\/v2\/comments?post=2664"}],"version-history":[{"count":1,"href":"https:\/\/ambbogota.esteri.it\/it\/wp-json\/wp\/v2\/posts\/2664\/revisions"}],"predecessor-version":[{"id":2666,"href":"https:\/\/ambbogota.esteri.it\/it\/wp-json\/wp\/v2\/posts\/2664\/revisions\/2666"}],"wp:featuredmedia":[{"embeddable":true,"href":"https:\/\/ambbogota.esteri.it\/it\/wp-json\/wp\/v2\/media\/2665"}],"wp:attachment":[{"href":"https:\/\/ambbogota.esteri.it\/it\/wp-json\/wp\/v2\/media?parent=2664"}],"wp:term":[{"taxonomy":"post_tag","embeddable":true,"href":"https:\/\/ambbogota.esteri.it\/it\/wp-json\/wp\/v2\/tags?post=2664"}],"curies":[{"name":"wp","href":"https:\/\/api.w.org\/{rel}","templated":true}]}}