{"id":4067,"date":"2024-06-26T10:11:51","date_gmt":"2024-06-26T15:11:51","guid":{"rendered":"https:\/\/ambbogota.esteri.it\/?p=4067"},"modified":"2024-07-04T14:41:30","modified_gmt":"2024-07-04T19:41:30","slug":"italian-screens-nuovo-cinema-italiano-in-colombia-bogota-29-giugno-7-luglio-medellin-11-14-luglio","status":"publish","type":"post","link":"https:\/\/ambbogota.esteri.it\/it\/news\/dall_ambasciata\/2024\/06\/italian-screens-nuovo-cinema-italiano-in-colombia-bogota-29-giugno-7-luglio-medellin-11-14-luglio\/","title":{"rendered":"ITALIAN SCREENS: NUOVO CINEMA ITALIANO IN COLOMBIA (BOGOT\u00c1 29 GIUGNO &#8211; 7 LUGLIO; MEDELL\u00cdN 11-14 LUGLIO)"},"content":{"rendered":"<p>Dopo il successo della prima edizione, Italian Screens torna in Colombia e portando <strong>il meglio del cinema italiano contemporaneo,<\/strong> quest\u2019anno nelle citt\u00e0 di Bogot\u00e0 e Medell\u00ecn.<\/p>\n<p>Le proiezioni sono state organizzate in collaborazione con la\u00a0<strong>Cinemateca de Bogot\u00e0,\u00a0 <\/strong>dove si potranno vedere i film dal\u00a0<strong>29 giugno al 7 luglio, <\/strong>e<strong> i<\/strong><strong>l Museo de Arte Moderno de Medell\u00edn (MAMM)<\/strong> dove le proiezioi sono in programma dall\u2019<strong>11 al 14 luglio<\/strong><\/p>\n<p>Italian Screens vi aspetta al cinema con:<\/p>\n<ul>\n<li><em>Rapito (<\/em>Dir. Marco Bellocchio, 2023) Italia, Francia, Germania. 134 min.<\/li>\n<li><em>C\u2019\u00e8 ancora domani<\/em>\u00a0(Dir. Paola Cortellesi, 2023) Italia. 118 min.<\/li>\n<li>Il Sol dell\u2019Avvenire (Dir. Nanni Moretti, 2023) Italia. 95 min.<\/li>\n<li><em>Adagio<\/em>\u00a0(Dir. Stefano Sollima, 2023) Italia. 127 min.<\/li>\n<li><em>Lubo<\/em>\u00a0(Dir. Giorgio Diritti, 2023) Italia, Svizzera. 181 min.<\/li>\n<li><em>Le vele scarlatte<\/em>\u00a0(Dir. Pietro Marcello, 2022) Francia, Italia, Germania.<\/li>\n<li><em>Umberto Eco: la biblioteca del mondo<\/em>\u00a0(Dir. Davide Ferrario, 2022) Italia. 80 min<\/li>\n<li><em>Gloria!<\/em>\u00a0(Dir. Margherita Vicario, 2024) Italia, Svizzera.106 min.<\/li>\n<li><em>La chimera<\/em>\u00a0(Dir. Alice Rohrwacher, 2023) Italia, Francia, Suiza. 133 min.<\/li>\n<li><em>Disco Boy (Dir. Giacomo Abbruzzese, 2023) Francia, Italia, Germania<\/em><em>. 91 min.<\/em><\/li>\n<\/ul>\n<p>Italian Screens \u00e8 un\u2019iniziativa ideata dal Responsabile Progetti Speciali della Direzione Generale Cinema e Audiovisio del Ministero della Cultura<strong>,<\/strong>\u00a0<strong>Roberto Stabile<\/strong>, realizzata grazie alla collaborazione tra il\u00a0<strong>Ministero degli Affari Esteri e della Cooperazione Internazionale e Cinecitt\u00e0 per la Direzione Generale Cinema e Audiovisio del Ministero della Cultura.<\/strong><\/p>\n<p>La realizzazione in Colombia di Italian Screens si deve al sostegno dell\u2019Ambasciata d\u2019Italia in Colombia, dell\u2019Istituto Italiano di Cultura di Bogot\u00e0 e del Mercato Audiovisivo di Bogot\u00e0 (BAM).<\/p>\n","protected":false},"excerpt":{"rendered":"Dopo il successo della prima edizione, Italian Screens torna in Colombia e portando il meglio del cinema italiano contemporaneo, quest\u2019anno nelle citt\u00e0 di Bogot\u00e0 e Medell\u00ecn. Le proiezioni sono state organizzate in collaborazione con la\u00a0Cinemateca de Bogot\u00e0,\u00a0 dove si potranno vedere i film dal\u00a029 giugno al 7 luglio, e il Museo de Arte Moderno de [&hellip;]","protected":false},"author":4,"featured_media":4070,"comment_status":"closed","ping_status":"closed","sticky":false,"template":"","format":"standard","meta":{"footnotes":""},"tags":[],"class_list":["post-4067","post","type-post","status-publish","format-standard","has-post-thumbnail","hentry"],"_links":{"self":[{"href":"https:\/\/ambbogota.esteri.it\/it\/wp-json\/wp\/v2\/posts\/4067","targetHints":{"allow":["GET"]}}],"collection":[{"href":"https:\/\/ambbogota.esteri.it\/it\/wp-json\/wp\/v2\/posts"}],"about":[{"href":"https:\/\/ambbogota.esteri.it\/it\/wp-json\/wp\/v2\/types\/post"}],"author":[{"embeddable":true,"href":"https:\/\/ambbogota.esteri.it\/it\/wp-json\/wp\/v2\/users\/4"}],"replies":[{"embeddable":true,"href":"https:\/\/ambbogota.esteri.it\/it\/wp-json\/wp\/v2\/comments?post=4067"}],"version-history":[{"count":1,"href":"https:\/\/ambbogota.esteri.it\/it\/wp-json\/wp\/v2\/posts\/4067\/revisions"}],"predecessor-version":[{"id":4075,"href":"https:\/\/ambbogota.esteri.it\/it\/wp-json\/wp\/v2\/posts\/4067\/revisions\/4075"}],"wp:featuredmedia":[{"embeddable":true,"href":"https:\/\/ambbogota.esteri.it\/it\/wp-json\/wp\/v2\/media\/4070"}],"wp:attachment":[{"href":"https:\/\/ambbogota.esteri.it\/it\/wp-json\/wp\/v2\/media?parent=4067"}],"wp:term":[{"taxonomy":"post_tag","embeddable":true,"href":"https:\/\/ambbogota.esteri.it\/it\/wp-json\/wp\/v2\/tags?post=4067"}],"curies":[{"name":"wp","href":"https:\/\/api.w.org\/{rel}","templated":true}]}}