{"id":6964,"date":"2025-09-29T12:20:19","date_gmt":"2025-09-29T17:20:19","guid":{"rendered":"https:\/\/ambbogota.esteri.it\/?p=6964"},"modified":"2025-09-29T12:20:19","modified_gmt":"2025-09-29T17:20:19","slug":"giornata-passaporti-a-cartagena-16-ottobre-2025","status":"publish","type":"post","link":"https:\/\/ambbogota.esteri.it\/it\/news\/dall_ambasciata\/2025\/09\/giornata-passaporti-a-cartagena-16-ottobre-2025\/","title":{"rendered":"Giornata Passaporti a Cartagena 16 ottobre 2025"},"content":{"rendered":"<p style=\"margin-top: 0cm; background: white;\"><span style=\"font-size: 13.5pt; font-family: 'Tahoma',sans-serif; color: #1a1a1a;\">Si informano i connazionali residenti nella circoscrizione consolare di\u00a0<strong><span style=\"font-family: 'Tahoma',sans-serif;\">Cartagena (Bol\u00edvar, C\u00f3rdoba, San Andr\u00e9s e Providencia e Sucre)<\/span><\/strong>\u00a0che \u00e8 prevista la giornata per l\u2019acquisizione delle impronte digitali ai fini del rilascio del passaporto il giorno\u00a0<strong><span style=\"font-family: 'Tahoma',sans-serif;\">gioved\u00ec 16 ottobre 2025<\/span><\/strong>.<\/span><\/p>\n<p style=\"margin-top: 0cm; background: white; margin-bottom: 1rem; orphans: 2; text-align: start; widows: 2; word-spacing: 0px;\"><span style=\"font-size: 13.5pt; font-family: 'Tahoma',sans-serif; color: #1a1a1a;\">I connazionali <b>iscritti all\u2019A.I.R.E.<\/b> potranno presentarsi\u00a0presso il salone del <i>Centro de Convenciones de la Serrezuela<\/i> (carrera 11 n. 39-21 Barrio San Diego) a Cartagena\u00a0<strong><span style=\"font-family: 'Tahoma',sans-serif;\">senza appuntamento previo<\/span><\/strong>\u00a0dalle ore 8:30 alle 9:30, orario durante il quale verranno distribuiti i turni di ingresso. Dopo tale orario non verranno assegnati ulteriori turni.<\/span><\/p>\n<p style=\"margin-top: 0cm; background: white; margin-bottom: 1rem; orphans: 2; text-align: start; widows: 2; word-spacing: 0px;\"><span style=\"font-size: 13.5pt; font-family: 'Tahoma',sans-serif; color: #1a1a1a;\">La ricezione delle richieste di passaporto si effettuer\u00e0 in ordine di arrivo (secondo i turni assegnati entro le 9:30) fino alle ore 17:00 con un\u2019interruzione dalle 12:30 alle 13:30.<\/span><\/p>\n<p style=\"margin-top: 0cm; background: white; margin-bottom: 1rem; orphans: 2; text-align: start; widows: 2; word-spacing: 0px;\"><span style=\"font-size: 13.5pt; font-family: 'Tahoma',sans-serif; color: #1a1a1a;\">Si invitano i connazionali interessati a consultare la pagina web prestando attenzione alle istruzioni relative ai documenti che dovranno essere presentati il giorno 16\/10\/2025 per il rilascio del passaporto:\u00a0<a href=\"https:\/\/ambbogota.esteri.it\/ambasciata_bogota\/it\/informazioni_e_servizi\/servizi_consolari\/passaporti\/passaporti.html\"><span style=\"color: #0066cc;\">https:\/\/ambbogota.esteri.it\/ambasciata_bogota\/it\/informazioni_e_servizi\/servizi_consolari\/passaporti\/passaporti.html<\/span><\/a>.<\/span><\/p>\n<p style=\"margin-top: 0cm; background: white; margin-bottom: 1rem; orphans: 2; text-align: start; widows: 2; word-spacing: 0px;\"><span style=\"font-size: 13.5pt; font-family: 'Tahoma',sans-serif; color: #1a1a1a;\">Si fa presente inoltre che per il rilascio del passaporto \u00e8\u00a0<strong><u><span style=\"font-family: 'Tahoma',sans-serif;\">obbligatorio<\/span><\/u><\/strong>\u00a0presentare due fototessere a colori recenti con fondo bianco dimensioni 3.5cm x 4cm\u00a0<a href=\"https:\/\/www.esteri.it\/it\/servizi-consolari-e-visti\/italiani-all-estero\/documenti_di_viaggio\/linee-guida-foto-icao\/\"><span style=\"color: #0066cc;\">conformi al formato Icao<\/span><\/a>.<\/span><\/p>\n<p style=\"margin-top: 0cm; background: white; margin-bottom: 1rem; orphans: 2; text-align: start; widows: 2; word-spacing: 0px;\"><span style=\"font-size: 13.5pt; font-family: 'Tahoma',sans-serif; color: #1a1a1a;\">Si ricorda che i connazionali residenti in una circoscrizione consolare diversa da quella di Cartagena ed i connazionali non iscritti all\u2019A.I.R.E.\u00a0<strong><span style=\"font-family: 'Tahoma',sans-serif;\">NON<\/span><\/strong>\u00a0potranno presentarsi.<\/span><\/p>\n<p style=\"margin-top: 0cm; background: white; margin-bottom: 1rem; orphans: 2; text-align: start; widows: 2; word-spacing: 0px;\"><span style=\"font-size: 13.5pt; font-family: 'Tahoma',sans-serif; color: #1a1a1a;\">I connazionali sono pregati altres\u00ec di verificare i dati A.I.R.E. attraverso la piattaforma FAST IT e, nel caso, procedere con il loro aggiornamento seguendo le istruzioni indicate nel seguente link:\u00a0<a href=\"https:\/\/ambbogota.esteri.it\/it\/servizi-consolari-e-visti\/servizi-per-il-cittadino-italiano\/a-i-r-e\/\"><span style=\"color: #0066cc;\">https:\/\/ambbogota.esteri.it\/it\/servizi-consolari-e-visti\/servizi-per-il-cittadino-italiano\/a-i-r-e\/<\/span><\/a>.<\/span><\/p>\n<p style=\"margin-top: 0cm; background: white; margin-bottom: 1rem; orphans: 2; text-align: start; widows: 2; word-spacing: 0px;\"><span style=\"font-size: 13.5pt; font-family: 'Tahoma',sans-serif; color: #1a1a1a;\">La tariffa consolare corrispondente all\u2019articolo 27 relativa al trimestre ottobre \u2013 dicembre 2025, il cui pagamento \u00e8 requisito essenziale per il rilascio del passaporto, \u00e8 pari a\u00a0<strong><span style=\"font-family: 'Tahoma',sans-serif;\">546.200 COP<\/span><\/strong>\u00a0e dovr\u00e0 essere versata sul conto dell\u2019Ambasciata presso qualsiasi succursale del Banco GNB Sudameris o utilizzando il servizio PSE prima di presentarsi nella sede indicata.<\/span><\/p>\n","protected":false},"excerpt":{"rendered":"Si informano i connazionali residenti nella circoscrizione consolare di\u00a0Cartagena (Bol\u00edvar, C\u00f3rdoba, San Andr\u00e9s e Providencia e Sucre)\u00a0che \u00e8 prevista la giornata per l\u2019acquisizione delle impronte digitali ai fini del rilascio del passaporto il giorno\u00a0gioved\u00ec 16 ottobre 2025. I connazionali iscritti all\u2019A.I.R.E. potranno presentarsi\u00a0presso il salone del Centro de Convenciones de la Serrezuela (carrera 11 n. [&hellip;]","protected":false},"author":7,"featured_media":0,"comment_status":"closed","ping_status":"closed","sticky":false,"template":"","format":"standard","meta":{"footnotes":""},"tags":[],"class_list":["post-6964","post","type-post","status-publish","format-standard","hentry"],"_links":{"self":[{"href":"https:\/\/ambbogota.esteri.it\/it\/wp-json\/wp\/v2\/posts\/6964","targetHints":{"allow":["GET"]}}],"collection":[{"href":"https:\/\/ambbogota.esteri.it\/it\/wp-json\/wp\/v2\/posts"}],"about":[{"href":"https:\/\/ambbogota.esteri.it\/it\/wp-json\/wp\/v2\/types\/post"}],"author":[{"embeddable":true,"href":"https:\/\/ambbogota.esteri.it\/it\/wp-json\/wp\/v2\/users\/7"}],"replies":[{"embeddable":true,"href":"https:\/\/ambbogota.esteri.it\/it\/wp-json\/wp\/v2\/comments?post=6964"}],"version-history":[{"count":1,"href":"https:\/\/ambbogota.esteri.it\/it\/wp-json\/wp\/v2\/posts\/6964\/revisions"}],"predecessor-version":[{"id":6965,"href":"https:\/\/ambbogota.esteri.it\/it\/wp-json\/wp\/v2\/posts\/6964\/revisions\/6965"}],"wp:attachment":[{"href":"https:\/\/ambbogota.esteri.it\/it\/wp-json\/wp\/v2\/media?parent=6964"}],"wp:term":[{"taxonomy":"post_tag","embeddable":true,"href":"https:\/\/ambbogota.esteri.it\/it\/wp-json\/wp\/v2\/tags?post=6964"}],"curies":[{"name":"wp","href":"https:\/\/api.w.org\/{rel}","templated":true}]}}